{"id":5612,"date":"2024-06-29T21:18:27","date_gmt":"2024-06-29T21:18:27","guid":{"rendered":"https:\/\/radiogjilani.com\/index.php\/2024\/06\/29\/be-zgjedh-lideret-per-5-vjetet-e-ardhshem\/"},"modified":"2024-06-29T21:18:27","modified_gmt":"2024-06-29T21:18:27","slug":"be-zgjedh-lideret-per-5-vjetet-e-ardhshem","status":"publish","type":"post","link":"https:\/\/radiogjilani.com\/index.php\/2024\/06\/29\/be-zgjedh-lideret-per-5-vjetet-e-ardhshem\/","title":{"rendered":"BE zgjedh lider\u00ebt p\u00ebr 5 vjet\u00ebt e ardhsh\u00ebm"},"content":{"rendered":"<p>N\u00eb samitin e mbajtur t\u00eb enjten n\u00eb Bruksel pas zgjedhjeve t\u00eb Parlamentit Evropian (PE), u shpall\u00ebn emrat q\u00eb do t\u00eb udh\u00ebheqin BE-n\u00eb p\u00ebr pes\u00eb vjet\u00ebt e ardhsh\u00ebm. Lider\u00ebt e BE-s\u00eb zgjodh\u00ebn Antonio Costa si president t\u00eb K\u00ebshillit Evropian, Ursula von der Leyen presidente t\u00eb Komisionit Evropian dhe kryeministren e Estonis\u00eb n\u00eb largim Kaja Kallas p\u00ebrfaq\u00ebsuesen e lart\u00eb t\u00eb BE-s\u00eb p\u00ebr Pun\u00ebt e Jashtme dhe&#8230;<\/p>\n<p><a href=\"https:\/\/ekonomiaonline.com\/be-zgjedh-lideret-per-5-vjetet-e-ardhshem\/\" rel=\"nofollow\">Source<\/a><\/p>\n","protected":false},"excerpt":{"rendered":"<p>N\u00eb samitin e mbajtur t\u00eb enjten n\u00eb Bruksel pas zgjedhjeve t\u00eb Parlamentit Evropian (PE), u shpall\u00ebn emrat q\u00eb do t\u00eb udh\u00ebheqin BE-n\u00eb p\u00ebr pes\u00eb vjet\u00ebt e ardhsh\u00ebm. Lider\u00ebt e BE-s\u00eb zgjodh\u00ebn Antonio Costa si president t\u00eb K\u00ebshillit Evropian, Ursula von der Leyen presidente t\u00eb Komisionit Evropian dhe kryeministren e Estonis\u00eb n\u00eb largim Kaja Kallas p\u00ebrfaq\u00ebsuesen [&hellip;]<\/p>\n","protected":false},"author":1,"featured_media":5613,"comment_status":"open","ping_status":"open","sticky":false,"template":"","format":"standard","meta":{"footnotes":""},"categories":[19],"tags":[],"class_list":["post-5612","post","type-post","status-publish","format-standard","has-post-thumbnail","hentry","category-eko"],"_links":{"self":[{"href":"https:\/\/radiogjilani.com\/index.php\/wp-json\/wp\/v2\/posts\/5612","targetHints":{"allow":["GET"]}}],"collection":[{"href":"https:\/\/radiogjilani.com\/index.php\/wp-json\/wp\/v2\/posts"}],"about":[{"href":"https:\/\/radiogjilani.com\/index.php\/wp-json\/wp\/v2\/types\/post"}],"author":[{"embeddable":true,"href":"https:\/\/radiogjilani.com\/index.php\/wp-json\/wp\/v2\/users\/1"}],"replies":[{"embeddable":true,"href":"https:\/\/radiogjilani.com\/index.php\/wp-json\/wp\/v2\/comments?post=5612"}],"version-history":[{"count":0,"href":"https:\/\/radiogjilani.com\/index.php\/wp-json\/wp\/v2\/posts\/5612\/revisions"}],"wp:featuredmedia":[{"embeddable":true,"href":"https:\/\/radiogjilani.com\/index.php\/wp-json\/wp\/v2\/media\/5613"}],"wp:attachment":[{"href":"https:\/\/radiogjilani.com\/index.php\/wp-json\/wp\/v2\/media?parent=5612"}],"wp:term":[{"taxonomy":"category","embeddable":true,"href":"https:\/\/radiogjilani.com\/index.php\/wp-json\/wp\/v2\/categories?post=5612"},{"taxonomy":"post_tag","embeddable":true,"href":"https:\/\/radiogjilani.com\/index.php\/wp-json\/wp\/v2\/tags?post=5612"}],"curies":[{"name":"wp","href":"https:\/\/api.w.org\/{rel}","templated":true}]}}