{"id":5618,"date":"2024-06-29T21:18:24","date_gmt":"2024-06-29T21:18:24","guid":{"rendered":"https:\/\/radiogjilani.com\/index.php\/2024\/06\/29\/arrestohet-24-vjecarja-ne-kamenice-ishte-denuar-me-burgim-per-disa-vepra-penale\/"},"modified":"2024-06-29T21:18:24","modified_gmt":"2024-06-29T21:18:24","slug":"arrestohet-24-vjecarja-ne-kamenice-ishte-denuar-me-burgim-per-disa-vepra-penale","status":"publish","type":"post","link":"https:\/\/radiogjilani.com\/index.php\/2024\/06\/29\/arrestohet-24-vjecarja-ne-kamenice-ishte-denuar-me-burgim-per-disa-vepra-penale\/","title":{"rendered":"Arrestohet 24 vje\u00e7arja n\u00eb Kamenic\u00eb, ishte d\u00ebnuar me burgim p\u00ebr disa vepra penale"},"content":{"rendered":"<p>Policia e Kosov\u00ebs ka njoftuat se sot kan\u00eb arrestuar M.Th, 24 vje\u00e7are. Arrestimi \u00ebsht\u00eb b\u00ebr\u00eb n\u00eb Kamenic\u00eb. \u201cAjo ishte e k\u00ebrkuar me urdh\u00ebres\u00ebs gjyq\u00ebsore nga Gjykata Themelore me d\u00ebnim burgimi prej dy (2) vite e shtat\u00eb (7) dit\u00eb p\u00ebr disa vepr\u00ebn penale. Pas p\u00ebrfundimit t\u00eb procedurave e nj\u00ebjta \u00ebsht\u00eb d\u00ebrguar n\u00eb vuajtje t\u00eb d\u00ebnimit. \u201cDrejtoria Rajonale e Policis\u00eb n\u00eb Gjilan do t\u00eb vazhdoj\u00eb me realizimin e&#8230;<\/p>\n<p><a href=\"https:\/\/ekonomiaonline.com\/arrestohet-24-vjecarja-ne-kamenice-ishte-denuar-me-burgim-per-disa-vepra-penale\/\" rel=\"nofollow\">Source<\/a><\/p>\n","protected":false},"excerpt":{"rendered":"<p>Policia e Kosov\u00ebs ka njoftuat se sot kan\u00eb arrestuar M.Th, 24 vje\u00e7are. Arrestimi \u00ebsht\u00eb b\u00ebr\u00eb n\u00eb Kamenic\u00eb. \u201cAjo ishte e k\u00ebrkuar me urdh\u00ebres\u00ebs gjyq\u00ebsore nga Gjykata Themelore me d\u00ebnim burgimi prej dy (2) vite e shtat\u00eb (7) dit\u00eb p\u00ebr disa vepr\u00ebn penale. Pas p\u00ebrfundimit t\u00eb procedurave e nj\u00ebjta \u00ebsht\u00eb d\u00ebrguar n\u00eb vuajtje t\u00eb d\u00ebnimit. \u201cDrejtoria [&hellip;]<\/p>\n","protected":false},"author":1,"featured_media":5619,"comment_status":"open","ping_status":"open","sticky":false,"template":"","format":"standard","meta":{"footnotes":""},"categories":[19],"tags":[],"class_list":["post-5618","post","type-post","status-publish","format-standard","has-post-thumbnail","hentry","category-eko"],"_links":{"self":[{"href":"https:\/\/radiogjilani.com\/index.php\/wp-json\/wp\/v2\/posts\/5618","targetHints":{"allow":["GET"]}}],"collection":[{"href":"https:\/\/radiogjilani.com\/index.php\/wp-json\/wp\/v2\/posts"}],"about":[{"href":"https:\/\/radiogjilani.com\/index.php\/wp-json\/wp\/v2\/types\/post"}],"author":[{"embeddable":true,"href":"https:\/\/radiogjilani.com\/index.php\/wp-json\/wp\/v2\/users\/1"}],"replies":[{"embeddable":true,"href":"https:\/\/radiogjilani.com\/index.php\/wp-json\/wp\/v2\/comments?post=5618"}],"version-history":[{"count":0,"href":"https:\/\/radiogjilani.com\/index.php\/wp-json\/wp\/v2\/posts\/5618\/revisions"}],"wp:featuredmedia":[{"embeddable":true,"href":"https:\/\/radiogjilani.com\/index.php\/wp-json\/wp\/v2\/media\/5619"}],"wp:attachment":[{"href":"https:\/\/radiogjilani.com\/index.php\/wp-json\/wp\/v2\/media?parent=5618"}],"wp:term":[{"taxonomy":"category","embeddable":true,"href":"https:\/\/radiogjilani.com\/index.php\/wp-json\/wp\/v2\/categories?post=5618"},{"taxonomy":"post_tag","embeddable":true,"href":"https:\/\/radiogjilani.com\/index.php\/wp-json\/wp\/v2\/tags?post=5618"}],"curies":[{"name":"wp","href":"https:\/\/api.w.org\/{rel}","templated":true}]}}