{"id":562,"date":"2024-04-03T14:31:03","date_gmt":"2024-04-03T14:31:03","guid":{"rendered":"https:\/\/radiogjilani.com\/index.php\/2024\/04\/03\/juventus-konsideron-rikthimin-e-ish-mbrojtesit-legjendar\/"},"modified":"2024-04-03T14:31:03","modified_gmt":"2024-04-03T14:31:03","slug":"juventus-konsideron-rikthimin-e-ish-mbrojtesit-legjendar","status":"publish","type":"post","link":"https:\/\/radiogjilani.com\/index.php\/2024\/04\/03\/juventus-konsideron-rikthimin-e-ish-mbrojtesit-legjendar\/","title":{"rendered":"Juventus konsideron rikthimin e ish-mbrojt\u00ebsit legjendar"},"content":{"rendered":"<p>Drejtori sportiv i Juventus-it, Cristiano Giuntoli, po p\u00ebrgatitet t\u00eb shkund\u00eb drejtimin e klubit gjat\u00eb ver\u00ebs dhe mund t\u2019i drejtohet Giorgio Chiellini-t t\u00eb pensionuar s\u00eb fundmi.<\/p>\n<p>Bardhezinjt\u00eb pritet t\u00eb humbasin disa an\u00ebtar\u00eb t\u00eb bordit drejtues n\u00eb fund t\u00eb sezonit, me Giovanni Manna-n n\u00eb rrug\u00ebn e duhur p\u00ebr t\u00eb marr\u00eb rolin e drejtorit sportiv te Napoli dhe Federico Cherubini nj\u00eb kandidat p\u00ebr Parma-n, nd\u00ebrsa kontrata e Mauro Pederzoli-t nuk do t\u00eb rinovohet.<\/p>\n<p>Giuntoli ka identifikuar tashm\u00eb z\u00ebvend\u00ebsuesit p\u00ebr dhom\u00ebn e pasme t\u00eb Juventus-it, duke k\u00ebrkuar krahun e tij t\u00eb djatht\u00eb te Napoli, Giuseppe Pompilio dhe drejtorin e Pisa-s, Stefano Stefanelli.<\/p>\n<p>Nj\u00eb gj\u00eb q\u00eb tifoz\u00ebt kan\u00eb shpresuar \u00ebsht\u00eb rikthimi i nj\u00eb ish-lojtari pas largimit t\u00eb Pavel Nedved-it.<\/p>\n<p>Faqja e tet\u00eb e gazet\u00ebs s\u00eb sotme t\u00eb \u201cGazzetta dello Sport\u201d detajon se si Giuntoli po mendon t\u00eb th\u00ebrras\u00eb Chiellini-n n\u00eb muajt e ardhsh\u00ebm p\u00ebr t\u2019i ofruar atij nj\u00eb rol te Juventus-i.<\/p>\n<p>Ish-mbrojt\u00ebsi 39-vje\u00e7ar i vari k\u00ebpuc\u00ebt n\u00eb janar dhe aktualisht po punon si trajner me Los Angeles FC.<\/p>\n<p>Chiellini do t\u00eb kthehej me k\u00ebnaq\u00ebsi te \u201cZonja e Vjet\u00ebr\u201d, por do t\u00eb k\u00ebrkonte nj\u00eb rol q\u00eb lidhet me financat dhe ekonomin\u00eb e klubit, n\u00eb vend t\u00eb nj\u00eb roli n\u00eb departamentet e skautizmit apo t\u00eb tregut t\u00eb transferimeve.<\/p>\n<p>The post <a rel=\"nofollow\" href=\"https:\/\/albanianpost.com\/juventus-konsideron-rikthimin-e-ish-mbrojtesit-legjendar\/\">Juventus konsideron rikthimin e ish-mbrojt\u00ebsit legjendar<\/a> appeared first on <a rel=\"nofollow\" href=\"https:\/\/albanianpost.com\/\">Albanian Post<\/a>.<\/p>\n","protected":false},"excerpt":{"rendered":"<p>Drejtori sportiv i Juventus-it, Cristiano Giuntoli, po p\u00ebrgatitet t\u00eb shkund\u00eb drejtimin e klubit gjat\u00eb ver\u00ebs dhe mund t\u2019i drejtohet Giorgio Chiellini-t t\u00eb pensionuar s\u00eb fundmi. Bardhezinjt\u00eb pritet t\u00eb humbasin disa an\u00ebtar\u00eb t\u00eb bordit drejtues n\u00eb fund t\u00eb sezonit, me Giovanni Manna-n n\u00eb rrug\u00ebn e duhur p\u00ebr t\u00eb marr\u00eb rolin e drejtorit sportiv te Napoli dhe [&hellip;]<\/p>\n","protected":false},"author":1,"featured_media":563,"comment_status":"open","ping_status":"open","sticky":false,"template":"","format":"standard","meta":{"footnotes":""},"categories":[1],"tags":[],"class_list":["post-562","post","type-post","status-publish","format-standard","has-post-thumbnail","hentry","category-uncategorized"],"_links":{"self":[{"href":"https:\/\/radiogjilani.com\/index.php\/wp-json\/wp\/v2\/posts\/562","targetHints":{"allow":["GET"]}}],"collection":[{"href":"https:\/\/radiogjilani.com\/index.php\/wp-json\/wp\/v2\/posts"}],"about":[{"href":"https:\/\/radiogjilani.com\/index.php\/wp-json\/wp\/v2\/types\/post"}],"author":[{"embeddable":true,"href":"https:\/\/radiogjilani.com\/index.php\/wp-json\/wp\/v2\/users\/1"}],"replies":[{"embeddable":true,"href":"https:\/\/radiogjilani.com\/index.php\/wp-json\/wp\/v2\/comments?post=562"}],"version-history":[{"count":0,"href":"https:\/\/radiogjilani.com\/index.php\/wp-json\/wp\/v2\/posts\/562\/revisions"}],"wp:featuredmedia":[{"embeddable":true,"href":"https:\/\/radiogjilani.com\/index.php\/wp-json\/wp\/v2\/media\/563"}],"wp:attachment":[{"href":"https:\/\/radiogjilani.com\/index.php\/wp-json\/wp\/v2\/media?parent=562"}],"wp:term":[{"taxonomy":"category","embeddable":true,"href":"https:\/\/radiogjilani.com\/index.php\/wp-json\/wp\/v2\/categories?post=562"},{"taxonomy":"post_tag","embeddable":true,"href":"https:\/\/radiogjilani.com\/index.php\/wp-json\/wp\/v2\/tags?post=562"}],"curies":[{"name":"wp","href":"https:\/\/api.w.org\/{rel}","templated":true}]}}