{"id":5686,"date":"2024-06-30T21:23:05","date_gmt":"2024-06-30T21:23:05","guid":{"rendered":"https:\/\/radiogjilani.com\/index.php\/2024\/06\/30\/borrelli-e-lajcaku-porosi-kosoves-e-serbise-pritshmerite-e-be-se-sdo-te-ndryshojne-marreveshjet-vlejne-edhe-pa-nenshkrim\/"},"modified":"2024-06-30T21:23:05","modified_gmt":"2024-06-30T21:23:05","slug":"borrelli-e-lajcaku-porosi-kosoves-e-serbise-pritshmerite-e-be-se-sdo-te-ndryshojne-marreveshjet-vlejne-edhe-pa-nenshkrim","status":"publish","type":"post","link":"https:\/\/radiogjilani.com\/index.php\/2024\/06\/30\/borrelli-e-lajcaku-porosi-kosoves-e-serbise-pritshmerite-e-be-se-sdo-te-ndryshojne-marreveshjet-vlejne-edhe-pa-nenshkrim\/","title":{"rendered":"Borrelli e Laj\u00e7aku porosi Kosov\u00ebs e Serbis\u00eb: Pritshm\u00ebrit\u00eb e BE-s\u00eb s\u2019do t\u00eb ndryshojn\u00eb \u2013 marr\u00ebveshjet vlejn\u00eb edhe pa n\u00ebnshkrim"},"content":{"rendered":"<p>P\u00ebrfaq\u00ebsuesi i Lart\u00eb i Bashkimit Evropian (BE) p\u00ebr Politik\u00eb t\u00eb Jashtme dhe Siguri,\u00a0Josep Borrell, derisa ka b\u00ebr\u00eb nj\u00eb p\u00ebrmbledhje t\u00eb ngjarjeve dhe zhvillimeve n\u00eb kuad\u00ebr t\u00eb dialogut p\u00ebr normalizimin e marr\u00ebdh\u00ebnieve nd\u00ebrmjet Kosov\u00ebs dhe Serbis\u00eb p\u00ebrgjat\u00eb mandatit pes\u00ebvje\u00e7ar, ka th\u00ebn\u00eb se p\u00ebr t\u00eb ecur p\u00ebrpara ka nevoj\u00eb p\u00ebr guxim, vizion dhe vullnet politik.<\/p>\n<p>Nj\u00eb nj\u00eb tekst autorial t\u00eb botuar n\u00eb Sh\u00ebrbimin e Veprimit t\u00eb Jasht\u00ebm t\u00eb BE-s\u00eb (EEAS), n\u00eb prag t\u00eb p\u00ebrfundimit t\u00eb mandatit, ka shtuar se zotimet q\u00eb kryeministri kosovar Albin Kurti dhe presidenti serb Aleksand\u00ebr Vu\u00e7i\u00e7 kan\u00eb marr\u00eb p\u00ebrsip\u00ebr n\u00eb kuad\u00ebr t\u00eb dialogut p\u00ebr normalizimin e marr\u00ebdh\u00ebnieve, nuk do t\u00eb ndryshojn\u00eb, pavar\u00ebsisht se kush vjen n\u00eb krye t\u00eb institucioneve t\u00eb BE-s\u00eb.<\/p>\n<p>\u201cNe kemi b\u00ebr\u00eb shum\u00eb gjat\u00eb viteve t\u00eb fundit, por procesi mund t\u00eb p\u00ebrparoj\u00eb vet\u00ebm n\u00eb baz\u00eb t\u00eb gatishm\u00ebris\u00eb s\u00eb t\u00eb dy pal\u00ebve. Nd\u00ebrmjet\u00ebsimi i BE-s\u00eb nuk mund t\u00eb arrij\u00eb m\u00eb shum\u00eb normalizim sesa d\u00ebshiron Kosova dhe Serbia. Pas disa muajsh, njer\u00ebz t\u00eb ndrysh\u00ebm do t\u00eb jen\u00eb n\u00eb krye, por pritshm\u00ebrit\u00eb e BE-s\u00eb nuk do t\u00eb ndryshojn\u00eb\u201d, ka deklaruar nd\u00ebr t\u00eb tjera diplomati spanjoll.<\/p>\n<p>\u201cT\u00eb gjith\u00eb do t\u00eb jen\u00eb duke k\u00ebrkuar p\u00ebr gatishm\u00ebrin\u00eb e presidentit serb dhe kryeministrit t\u00eb Kosov\u00ebs p\u00ebr t\u00eb ofruar nj\u00eb t\u00eb ardhme m\u00eb t\u00eb mir\u00eb evropiane p\u00ebr popullin e tyre. N\u00eb fund, duhet guxim, vizion dhe vullnet politik. BE-ja do t\u00eb vazhdoj\u00eb t\u00eb ndihmoj\u00eb n\u00eb \u00e7do hap gjat\u00eb rrug\u00ebs\u201d, ka potencuar shefi i diplomacis\u00eb evropiane, i cili s\u00eb shpejti pritet ta liroj\u00eb detyr\u00ebn.<\/p>\n<div class=\"iframe-container\">\n<p><a href=\"https:\/\/track.adform.net\/C\/?bn=73199340;C=0\" target=\"_blank\" rel=\"noopener\"><\/p>\n<p><img loading=\"lazy\" decoding=\"async\" src=\"https:\/\/track.adform.net\/adfserve\/?bn=73199340;srctype=4;ord=%5Btimestamp%5D\" border=\"0\" width=\"300\" height=\"250\" alt=\"\"><\/p>\n<p><\/a><\/p>\n<div class=\"tchAdBlock smallAdBlock\">\n<div class=\"siteWidthContainer\">\n<!-- \/52408802\/TCH_HOME_0 --><\/p>\n<div class=\"innerAdBlock\" pathname=\"https:\/\/albanianpost.com\/52408802\/TCH_HOME_0\" definedsizes=\"[[1250, 200], [1250, 100], [1250, 90], [300, 250], [728, 90], [970, 90], [970, 200], [970, 100], [300, 80]]\" mapping=\"desktop\" data-google-query-id=\"COK53pSI_oYDFU2Q_Qcdb3ILPw\">\n<div><\/div>\n<\/div>\n<div class=\"clearfix\"><\/div>\n<\/div>\n<div class=\"clearfix\"><\/div>\n<\/div><\/div>\n<p>E emisari special p\u00ebr dialogun nd\u00ebrmjet Prishtin\u00ebs dhe Beogradit, Mirosllav Laj\u00e7ak, n\u00eb nj\u00eb panel diskutimi n\u00eb kuad\u00ebr t\u00eb Forumit t\u00eb Dubrovnikut n\u00ebn patronazhin e Qeveris\u00eb s\u00eb Kroacis\u00eb t\u00eb shtun\u00ebn, ka ritheksuar se formalizimi i Marr\u00ebveshjes Baz\u00eb p\u00ebrmes n\u00ebnshkrimit t\u00eb t\u00eb dy lider\u00ebve nuk \u00ebsht\u00eb \u00e7\u00ebshtje relevante \u2013 marr\u00ebveshja e vitit t\u00eb kaluar \u00ebsht\u00eb ligj\u00ebrisht obligative.<\/p>\n<p>\u201cS\u00eb pari, u takon pal\u00ebve q\u00eb t\u00eb p\u00ebrcaktojn\u00eb se \u00e7far\u00eb sakt\u00ebsisht do t\u00eb thot\u00eb normalizimi i marr\u00ebdh\u00ebnieve. S\u00eb dyti, marr\u00ebveshja q\u00eb kemi arritur n\u00eb shkurt dhe mars t\u00eb vitit t\u00eb kaluar, \u00ebsht\u00eb ligj\u00ebrisht obligative n\u00eb t\u00ebr\u00ebsi dhe n\u00eb p\u00ebrputhje me Konvent\u00ebn e Vjen\u00ebs p\u00ebr t\u00eb Drejt\u00ebn e Traktateve\u201d, ka kujtuar ai, derisa ka potencuar se vet\u00ebm implementimi \u00ebsht\u00eb \u00e7\u00ebshtje relevante.<\/p>\n<p>\u201cN\u00eb fund t\u00eb fundit, dispozitat e marr\u00ebveshjes jan\u00eb b\u00ebr\u00eb pjes\u00eb e kapitullit 35 t\u00eb Serbis\u00eb, pra kjo do t\u00eb thot\u00eb pjes\u00eb e marr\u00ebdh\u00ebnieve formale midis Serbis\u00eb dhe BE-s\u00eb. Pra, ne jemi duke shpenzuar shum\u00eb koh\u00eb rreth nj\u00eb \u00e7\u00ebshtjeje q\u00eb nuk \u00ebsht\u00eb fort e r\u00ebnd\u00ebsishme. Ajo q\u00eb \u00ebsht\u00eb e r\u00ebnd\u00ebsishme \u00ebsht\u00eb se ne kemi b\u00ebr\u00eb shum\u00eb pak progres n\u00eb zbatimin e k\u00ebsaj marr\u00ebveshjeje\u201d, ka n\u00ebnvizuar ai.<\/p>\n<p>Kosova dhe Serbia arrit\u00ebn marr\u00ebveshje p\u00ebr rrug\u00ebn drejt normalizimit t\u00eb marr\u00ebdh\u00ebnieve n\u00eb fillim t\u00eb vitit 2023, fillimisht n\u00eb Bruksel t\u00eb Belgjik\u00ebs, pastaj n\u00eb Oh\u00ebr t\u00eb Maqedonis\u00eb s\u00eb Veriut. Por, p\u00ebrkund\u00ebr insistimit t\u00eb diplomat\u00ebve evropian\u00eb se Marr\u00ebveshja e Brukselit dhe Aneksi i Ohrit jan\u00eb ligj\u00ebrisht obligative, ata nuk kan\u00eb arritur t\u2019i bindin pal\u00ebt q\u00eb ta zbatojn\u00eb t\u00eb nj\u00ebjt\u00ebn.<\/p>\n<p>Ndryshe, p\u00ebrderisa terreni i k\u00ebrkimit t\u00eb madh p\u00ebr \u201cp\u00ebrgjigjet\u201d dhe \u201cformul\u00ebn e zgjidhjes\u201d pritet t\u00eb vazhdoj\u00eb edhe n\u00eb muajt n\u00eb vijim, mbetet p\u00ebr t\u2019u par\u00eb n\u00ebse lista e skenar\u00ebve t\u00eb dhun\u00ebs q\u00eb mund t\u00eb rezultojn\u00eb p\u00ebr shkak \u00e7\u00ebshtjeve t\u00eb hapura dhe tensioneve ekzistuese do t\u00eb zgjerohet apo Kosova dhe Serbia do t\u00eb fillojn\u00eb zbatimin e marr\u00ebveshjeve n\u00eb funksion t\u00eb kauz\u00ebs s\u00eb paqes.<\/p>\n<p>The post <a rel=\"nofollow\" href=\"https:\/\/albanianpost.com\/borrelli-e-lajcaku-porosi-kosoves-e-serbise-pritshmerite-e-be-se-sdo-te-ndryshojne-marreveshjet-vlejne-edhe-pa-nenshkrim\/\">Borrelli e Laj\u00e7aku porosi Kosov\u00ebs e Serbis\u00eb: Pritshm\u00ebrit\u00eb e BE-s\u00eb s\u2019do t\u00eb ndryshojn\u00eb \u2013 marr\u00ebveshjet vlejn\u00eb edhe pa n\u00ebnshkrim<\/a> appeared first on <a rel=\"nofollow\" href=\"https:\/\/albanianpost.com\/\">Albanian Post<\/a>.<\/p>\n","protected":false},"excerpt":{"rendered":"<p>P\u00ebrfaq\u00ebsuesi i Lart\u00eb i Bashkimit Evropian (BE) p\u00ebr Politik\u00eb t\u00eb Jashtme dhe Siguri,\u00a0Josep Borrell, derisa ka b\u00ebr\u00eb nj\u00eb p\u00ebrmbledhje t\u00eb ngjarjeve dhe zhvillimeve n\u00eb kuad\u00ebr t\u00eb dialogut p\u00ebr normalizimin e marr\u00ebdh\u00ebnieve nd\u00ebrmjet Kosov\u00ebs dhe Serbis\u00eb p\u00ebrgjat\u00eb mandatit pes\u00ebvje\u00e7ar, ka th\u00ebn\u00eb se p\u00ebr t\u00eb ecur p\u00ebrpara ka nevoj\u00eb p\u00ebr guxim, vizion dhe vullnet politik. Nj\u00eb nj\u00eb [&hellip;]<\/p>\n","protected":false},"author":1,"featured_media":5687,"comment_status":"open","ping_status":"open","sticky":false,"template":"","format":"standard","meta":{"footnotes":""},"categories":[1],"tags":[],"class_list":["post-5686","post","type-post","status-publish","format-standard","has-post-thumbnail","hentry","category-uncategorized"],"_links":{"self":[{"href":"https:\/\/radiogjilani.com\/index.php\/wp-json\/wp\/v2\/posts\/5686","targetHints":{"allow":["GET"]}}],"collection":[{"href":"https:\/\/radiogjilani.com\/index.php\/wp-json\/wp\/v2\/posts"}],"about":[{"href":"https:\/\/radiogjilani.com\/index.php\/wp-json\/wp\/v2\/types\/post"}],"author":[{"embeddable":true,"href":"https:\/\/radiogjilani.com\/index.php\/wp-json\/wp\/v2\/users\/1"}],"replies":[{"embeddable":true,"href":"https:\/\/radiogjilani.com\/index.php\/wp-json\/wp\/v2\/comments?post=5686"}],"version-history":[{"count":0,"href":"https:\/\/radiogjilani.com\/index.php\/wp-json\/wp\/v2\/posts\/5686\/revisions"}],"wp:featuredmedia":[{"embeddable":true,"href":"https:\/\/radiogjilani.com\/index.php\/wp-json\/wp\/v2\/media\/5687"}],"wp:attachment":[{"href":"https:\/\/radiogjilani.com\/index.php\/wp-json\/wp\/v2\/media?parent=5686"}],"wp:term":[{"taxonomy":"category","embeddable":true,"href":"https:\/\/radiogjilani.com\/index.php\/wp-json\/wp\/v2\/categories?post=5686"},{"taxonomy":"post_tag","embeddable":true,"href":"https:\/\/radiogjilani.com\/index.php\/wp-json\/wp\/v2\/tags?post=5686"}],"curies":[{"name":"wp","href":"https:\/\/api.w.org\/{rel}","templated":true}]}}