{"id":5688,"date":"2024-06-30T21:23:04","date_gmt":"2024-06-30T21:23:04","guid":{"rendered":"https:\/\/radiogjilani.com\/index.php\/2024\/06\/30\/pse-jane-kaq-te-rendesishme-balotazhet-trekendesh\/"},"modified":"2024-06-30T21:23:04","modified_gmt":"2024-06-30T21:23:04","slug":"pse-jane-kaq-te-rendesishme-balotazhet-trekendesh","status":"publish","type":"post","link":"https:\/\/radiogjilani.com\/index.php\/2024\/06\/30\/pse-jane-kaq-te-rendesishme-balotazhet-trekendesh\/","title":{"rendered":"Pse jan\u00eb kaq t\u00eb r\u00ebnd\u00ebsishme balotazhet \u201ctrek\u00ebnd\u00ebsh\u201d?"},"content":{"rendered":"<p>N\u00eb zgjedhjet e fundit parlamentare franceze, shumica d\u00ebrrmuese e garave t\u00eb raundit t\u00eb dyt\u00eb kan\u00eb qen\u00eb duele kok\u00eb m\u00eb kok\u00eb midis dy kandidat\u00ebve kryesor\u00eb nga raundi i par\u00eb, me m\u00eb pak se nj\u00eb duzin\u00eb balotazhesh t\u00eb ashtuquajtura \u201ctrek\u00ebnd\u00ebsh\u201d.<\/p>\n<p>Megjithat\u00eb, kombinimi i nj\u00eb pjes\u00ebmarrjeje shum\u00eb t\u00eb lart\u00eb \u2013 e vler\u00ebsuar n\u00eb gati 70%, m\u00eb e larta q\u00eb nga vitet 1980 \u2013 dhe m\u00eb pak kandidat\u00eb (sepse ata jan\u00eb t\u00eb p\u00ebrqendruar n\u00eb tre blloqe kryesore, majtas, qendra dhe ekstremi i djatht\u00eb) do t\u00eb thot\u00eb se ky num\u00ebr ka t\u00eb ngjar\u00eb. t\u00eb rritet n\u00eb m\u00ebnyr\u00eb dramatike.<\/p>\n<p>Sondazhi Ipsos ka vler\u00ebsuar se do t\u00eb ket\u00eb midis 285 dhe 315 gara me tre drejtime, deri n\u00eb kat\u00ebr her\u00eb m\u00eb shum\u00eb se rekordi i m\u00ebparsh\u00ebm n\u00eb 1997.<\/p>\n<p>Tradicionalisht, n\u00eb balotazhet trek\u00ebndore ku L\u00ebvizja Komb\u00ebtare e ekstremit t\u00eb djatht\u00eb (RN) \u00ebsht\u00eb n\u00eb krye, kandidati i tret\u00eb \u00ebsht\u00eb t\u00ebrhequr p\u00ebr t\u00eb mos ndar\u00eb vot\u00ebn e opozit\u00ebs.<\/p>\n<div class=\"iframe-container\">\n<p><a href=\"https:\/\/track.adform.net\/C\/?bn=73199340;C=0\" target=\"_blank\" rel=\"noopener\"><\/p>\n<p><img loading=\"lazy\" decoding=\"async\" src=\"https:\/\/track.adform.net\/adfserve\/?bn=73199340;srctype=4;ord=%5Btimestamp%5D\" border=\"0\" width=\"300\" height=\"250\" alt=\"\"><\/p>\n<p><\/a><\/p>\n<div class=\"tchAdBlock smallAdBlock\">\n<div class=\"siteWidthContainer\">\n<!-- \/52408802\/TCH_HOME_0 --><\/p>\n<div class=\"innerAdBlock\" pathname=\"https:\/\/albanianpost.com\/52408802\/TCH_HOME_0\" definedsizes=\"[[1250, 200], [1250, 100], [1250, 90], [300, 250], [728, 90], [970, 90], [970, 200], [970, 100], [300, 80]]\" mapping=\"desktop\" data-google-query-id=\"COK53pSI_oYDFU2Q_Qcdb3ILPw\">\n<div><\/div>\n<\/div>\n<div class=\"clearfix\"><\/div>\n<\/div>\n<div class=\"clearfix\"><\/div>\n<\/div><\/div>\n<p>Fakti q\u00eb gati gjysma e vendeve n\u00eb asamblen\u00eb me 577 vende do t\u00eb shkojn\u00eb n\u00eb balotazh trepal\u00ebsh e b\u00ebn nj\u00eb vler\u00ebsim t\u00eb shp\u00ebrndarjes p\u00ebrfundimtare t\u00eb vendeve n\u00eb asamblen\u00eb komb\u00ebtare jasht\u00ebzakonisht t\u00eb v\u00ebshtir\u00eb p\u00ebr t\u2019u parashikuar.<\/p>\n<p>Figura t\u00eb larta n\u00eb aleanc\u00ebn e Frontit t\u00eb Ri Popullor (NFP) me t\u00eb gjelb\u00ebr t\u00eb majt\u00eb \u2013 duke p\u00ebrfshir\u00eb Jean-Luc M\u00e9lenchon, udh\u00ebheq\u00ebsin e zjarrt\u00eb t\u00eb Unbowed France (LFI) \u2013 jan\u00eb zotuar tashm\u00eb se n\u00eb t\u00eb gjitha zonat ku RN p\u00ebrfundoi e para dhe kandidati i NFP i treti, NFP kandidati do t\u00eb t\u00ebrhiqej.<\/p>\n<p>Kampi i Emmanuel Macron, megjithat\u00eb, deri m\u00eb tani ka qen\u00eb shum\u00eb m\u00eb pak i qart\u00eb se \u00e7far\u00eb do t\u00eb b\u00ebnte n\u00eb t\u00eb nj\u00ebjt\u00ebn situat\u00eb, duke premtuar vet\u00ebm se do t\u00eb shqyrtonte secil\u00ebn zon\u00eb p\u00ebr meritat e saj.<\/p>\n<p>Koalicioni i presidentit ende mund t\u00eb vendos\u00eb t\u00eb mos heq\u00eb dor\u00eb nga kandidat\u00ebt e tij n\u00ebse ata p\u00ebrballen me nj\u00eb kandidat nga LFI dhe jo me nj\u00eb nga tre an\u00ebtar\u00ebt e tjer\u00eb t\u00eb NFP.<\/p>\n<p><em>Marr\u00eb nga The Guardian, p\u00ebrshtatur p\u00ebr Albanian Post<\/em><\/p>\n<p>\u00a0<\/p>\n<p>The post <a rel=\"nofollow\" href=\"https:\/\/albanianpost.com\/pse-jane-kaq-te-rendesishme-balotazhet-trekendesh\/\">Pse jan\u00eb kaq t\u00eb r\u00ebnd\u00ebsishme balotazhet \u201ctrek\u00ebnd\u00ebsh\u201d?<\/a> appeared first on <a rel=\"nofollow\" href=\"https:\/\/albanianpost.com\/\">Albanian Post<\/a>.<\/p>\n","protected":false},"excerpt":{"rendered":"<p>N\u00eb zgjedhjet e fundit parlamentare franceze, shumica d\u00ebrrmuese e garave t\u00eb raundit t\u00eb dyt\u00eb kan\u00eb qen\u00eb duele kok\u00eb m\u00eb kok\u00eb midis dy kandidat\u00ebve kryesor\u00eb nga raundi i par\u00eb, me m\u00eb pak se nj\u00eb duzin\u00eb balotazhesh t\u00eb ashtuquajtura \u201ctrek\u00ebnd\u00ebsh\u201d. Megjithat\u00eb, kombinimi i nj\u00eb pjes\u00ebmarrjeje shum\u00eb t\u00eb lart\u00eb \u2013 e vler\u00ebsuar n\u00eb gati 70%, m\u00eb e larta [&hellip;]<\/p>\n","protected":false},"author":1,"featured_media":5689,"comment_status":"open","ping_status":"open","sticky":false,"template":"","format":"standard","meta":{"footnotes":""},"categories":[1],"tags":[],"class_list":["post-5688","post","type-post","status-publish","format-standard","has-post-thumbnail","hentry","category-uncategorized"],"_links":{"self":[{"href":"https:\/\/radiogjilani.com\/index.php\/wp-json\/wp\/v2\/posts\/5688","targetHints":{"allow":["GET"]}}],"collection":[{"href":"https:\/\/radiogjilani.com\/index.php\/wp-json\/wp\/v2\/posts"}],"about":[{"href":"https:\/\/radiogjilani.com\/index.php\/wp-json\/wp\/v2\/types\/post"}],"author":[{"embeddable":true,"href":"https:\/\/radiogjilani.com\/index.php\/wp-json\/wp\/v2\/users\/1"}],"replies":[{"embeddable":true,"href":"https:\/\/radiogjilani.com\/index.php\/wp-json\/wp\/v2\/comments?post=5688"}],"version-history":[{"count":0,"href":"https:\/\/radiogjilani.com\/index.php\/wp-json\/wp\/v2\/posts\/5688\/revisions"}],"wp:featuredmedia":[{"embeddable":true,"href":"https:\/\/radiogjilani.com\/index.php\/wp-json\/wp\/v2\/media\/5689"}],"wp:attachment":[{"href":"https:\/\/radiogjilani.com\/index.php\/wp-json\/wp\/v2\/media?parent=5688"}],"wp:term":[{"taxonomy":"category","embeddable":true,"href":"https:\/\/radiogjilani.com\/index.php\/wp-json\/wp\/v2\/categories?post=5688"},{"taxonomy":"post_tag","embeddable":true,"href":"https:\/\/radiogjilani.com\/index.php\/wp-json\/wp\/v2\/tags?post=5688"}],"curies":[{"name":"wp","href":"https:\/\/api.w.org\/{rel}","templated":true}]}}