{"id":570,"date":"2024-04-03T14:30:59","date_gmt":"2024-04-03T14:30:59","guid":{"rendered":"https:\/\/radiogjilani.com\/index.php\/2024\/04\/03\/sulmi-ne-nje-shkolle-ne-finlande-ku-mbeti-e-plagosur-edhe-nje-vajze-nga-kosova-osmani-kosova-ndan-dhimbjen-e-familjeve\/"},"modified":"2024-04-03T14:30:59","modified_gmt":"2024-04-03T14:30:59","slug":"sulmi-ne-nje-shkolle-ne-finlande-ku-mbeti-e-plagosur-edhe-nje-vajze-nga-kosova-osmani-kosova-ndan-dhimbjen-e-familjeve","status":"publish","type":"post","link":"https:\/\/radiogjilani.com\/index.php\/2024\/04\/03\/sulmi-ne-nje-shkolle-ne-finlande-ku-mbeti-e-plagosur-edhe-nje-vajze-nga-kosova-osmani-kosova-ndan-dhimbjen-e-familjeve\/","title":{"rendered":"Sulmi n\u00eb nj\u00eb shkoll\u00eb n\u00eb Finland\u00eb ku mbeti e plagosur edhe nj\u00eb vajz\u00eb nga Kosova, Osmani: Kosova ndan dhimbjen e familjeve"},"content":{"rendered":"<p>Presidentja e Kosov\u00ebs, Vjosa Osmani, ka reaguar pas sulmit tragjik q\u00eb ndodhi t\u00eb mart\u00ebn n\u00eb nj\u00eb shkoll\u00eb n\u00eb qytetin Vanta t\u00eb Finland\u00ebs ku mbetur i plagosur edhe nj\u00eb f\u00ebmij\u00eb nga Kosova.<\/p>\n<p>Kosova, sipas Osmanit, ndan dhimbjen e familjeve pas t\u00eb sht\u00ebnave tragjike n\u00eb Finland\u00eb.<\/p>\n<p>\u201cNgush\u00ebllimet tona t\u00eb p\u00ebrzem\u00ebrta familjes s\u00eb t\u00eb ndjerit dhe sh\u00ebrim t\u00eb shpejt\u00eb p\u00ebr t\u00eb l\u00ebnduarit, p\u00ebrfshir\u00eb nj\u00eb vajz\u00eb nga Kosova\u201d, ka shkruar Osmani n\u00eb platform\u00ebn sociale, X.<\/p>\n<blockquote class=\"twitter-tweet\" data-width=\"500\" data-dnt=\"true\">\n<p lang=\"en\" dir=\"ltr\">Kosovo shares the grief of families following the tragic school shooting in Finland. <\/p>\n<p>Our heartfelt condolences to the bereaved family &#038; wishing a speedy recovery to the injured, including a girl from Kosovo.  <\/p>\n<p>We stand in solidarity with President <a href=\"https:\/\/twitter.com\/alexstubb?ref_src=twsrc%5Etfw\">@alexstubb<\/a> &#038; all impacted.<\/p>\n<p>\u2014 Vjosa Osmani (@VjosaOsmaniPRKS) <a href=\"https:\/\/twitter.com\/VjosaOsmaniPRKS\/status\/1775516399676305776?ref_src=twsrc%5Etfw\">April 3, 2024<\/a><\/p>\n<\/blockquote>\n<p>N\u00eb sulmin tragjik q\u00eb ka ndodhur t\u00eb mart\u00ebn n\u00eb nj\u00eb shkoll\u00eb n\u00eb qytetin Vanta t\u00eb Finland\u00ebs ka mbetur i plagosur edhe nj\u00eb f\u00ebmij\u00eb nga Kosova, ka njoftuar Ministria e Pun\u00ebve t\u00eb Jashtme t\u00eb Kosov\u00ebs.<\/p>\n<p>Ministria e Pun\u00ebve t\u00eb Jashtme nuk ka dh\u00ebn\u00eb detaje mbi gjendjen e saj sh\u00ebndet\u00ebsore nd\u00ebrsa ka potencuar se p\u00ebr rastin \u00ebsht\u00eb njoftuar nga Ambasada e Kosov\u00ebs n\u00eb Suedi.<\/p>\n<p>\u201cN\u00eb lidhje me ngjarjen tragjike q\u00eb ndodhi sot n\u00eb qytetin Vanta, respektivisht shkoll\u00ebn Viertola, ku u vra nj\u00eb person dhe dy t\u00eb tjer\u00eb u plagos\u00ebn, Ministria e Pun\u00ebve t\u00eb Jashtme dhe Diaspor\u00ebs n\u00ebp\u00ebrmjet Ambasad\u00ebs s\u00eb Republik\u00ebs s\u00eb Kosov\u00ebs n\u00eb Stokholm ka arritur q\u00eb t\u00eb konfirmoj\u00eb nga familjar\u00ebt se n\u00eb mesin e t\u00eb plagosurve \u00ebsht\u00eb edhe nj\u00eb vajz\u00eb shqiptare nga Kosova\u201d.<\/p>\n<p>Nj\u00eb f\u00ebmij\u00eb ka vdekur dhe dy t\u00eb tjer\u00eb jan\u00eb plagosur r\u00ebnd\u00eb nga t\u00eb sht\u00ebnat n\u00eb nj\u00eb shkoll\u00eb n\u00eb Finland\u00eb, thot\u00eb policia.<\/p>\n<p>Autoritete finlandeze than\u00eb se t\u00eb tre viktimat ishin 12 vje\u00e7 dhe se nj\u00eb i dyshuar, po ashtu 12 vje\u00e7, ishte arrestuar.<\/p>\n<p>Policia tha se i dyshuari kishte ikur pas t\u00eb sht\u00ebnave dhe p\u00ebrfundimisht ishte ndaluar \u201cn\u00eb nj\u00eb m\u00ebnyr\u00eb t\u00eb qet\u00eb\u201d n\u00eb an\u00ebn tjet\u00ebr t\u00eb nj\u00eb lumi lokal n\u00eb nj\u00eb lagje veriore t\u00eb Helsinkit verior.<\/p>\n<p>Vantaa \u00ebsht\u00eb qyteti i kat\u00ebrt m\u00eb i madh i Finland\u00ebs me rreth 240 mij\u00eb banor\u00eb.<\/p>\n<p>Shkolla Viertola ka 800 nx\u00ebn\u00ebs t\u00eb mosh\u00ebs 7 deri n\u00eb 16 vje\u00e7, t\u00eb mosh\u00ebs s\u00eb shkoll\u00ebs fillore dhe t\u00eb mesme n\u00eb dy vende t\u00eb ve\u00e7anta.<\/p>\n<p>T\u00eb sht\u00ebnat ndodh\u00ebn n\u00eb vendin e shkoll\u00ebs Jokiranta ku m\u00ebsojn\u00eb nx\u00ebn\u00ebsit e mosh\u00ebs 9-13 vje\u00e7.<\/p>\n<blockquote class=\"wp-embedded-content\" data-secret=\"TIGWrhSndJ\">\n<p><a href=\"https:\/\/albanianpost.com\/sulmi-ne-nje-shkolle-ne-finlande-nje-vajze-nga-kosova-ka-mbetur-e-plagosur\/\">Sulmi n\u00eb nj\u00eb shkoll\u00eb n\u00eb Finland\u00eb, nj\u00eb vajz\u00eb nga Kosova ka mbetur e plagosur<\/a><\/p>\n<\/blockquote>\n<p>The post <a rel=\"nofollow\" href=\"https:\/\/albanianpost.com\/sulmi-ne-nje-shkolle-ne-finlande-ku-mbeti-e-plagosur-edhe-nje-vajze-nga-kosova-osmani-kosova-ndan-dhimbjen-e-familjeve\/\">Sulmi n\u00eb nj\u00eb shkoll\u00eb n\u00eb Finland\u00eb ku mbeti e plagosur edhe nj\u00eb vajz\u00eb nga Kosova, Osmani: Kosova ndan dhimbjen e familjeve<\/a> appeared first on <a rel=\"nofollow\" href=\"https:\/\/albanianpost.com\/\">Albanian Post<\/a>.<\/p>\n","protected":false},"excerpt":{"rendered":"<p>Presidentja e Kosov\u00ebs, Vjosa Osmani, ka reaguar pas sulmit tragjik q\u00eb ndodhi t\u00eb mart\u00ebn n\u00eb nj\u00eb shkoll\u00eb n\u00eb qytetin Vanta t\u00eb Finland\u00ebs ku mbetur i plagosur edhe nj\u00eb f\u00ebmij\u00eb nga Kosova. Kosova, sipas Osmanit, ndan dhimbjen e familjeve pas t\u00eb sht\u00ebnave tragjike n\u00eb Finland\u00eb. \u201cNgush\u00ebllimet tona t\u00eb p\u00ebrzem\u00ebrta familjes s\u00eb t\u00eb ndjerit dhe sh\u00ebrim t\u00eb [&hellip;]<\/p>\n","protected":false},"author":1,"featured_media":571,"comment_status":"open","ping_status":"open","sticky":false,"template":"","format":"standard","meta":{"footnotes":""},"categories":[1],"tags":[],"class_list":["post-570","post","type-post","status-publish","format-standard","has-post-thumbnail","hentry","category-uncategorized"],"_links":{"self":[{"href":"https:\/\/radiogjilani.com\/index.php\/wp-json\/wp\/v2\/posts\/570","targetHints":{"allow":["GET"]}}],"collection":[{"href":"https:\/\/radiogjilani.com\/index.php\/wp-json\/wp\/v2\/posts"}],"about":[{"href":"https:\/\/radiogjilani.com\/index.php\/wp-json\/wp\/v2\/types\/post"}],"author":[{"embeddable":true,"href":"https:\/\/radiogjilani.com\/index.php\/wp-json\/wp\/v2\/users\/1"}],"replies":[{"embeddable":true,"href":"https:\/\/radiogjilani.com\/index.php\/wp-json\/wp\/v2\/comments?post=570"}],"version-history":[{"count":0,"href":"https:\/\/radiogjilani.com\/index.php\/wp-json\/wp\/v2\/posts\/570\/revisions"}],"wp:featuredmedia":[{"embeddable":true,"href":"https:\/\/radiogjilani.com\/index.php\/wp-json\/wp\/v2\/media\/571"}],"wp:attachment":[{"href":"https:\/\/radiogjilani.com\/index.php\/wp-json\/wp\/v2\/media?parent=570"}],"wp:term":[{"taxonomy":"category","embeddable":true,"href":"https:\/\/radiogjilani.com\/index.php\/wp-json\/wp\/v2\/categories?post=570"},{"taxonomy":"post_tag","embeddable":true,"href":"https:\/\/radiogjilani.com\/index.php\/wp-json\/wp\/v2\/tags?post=570"}],"curies":[{"name":"wp","href":"https:\/\/api.w.org\/{rel}","templated":true}]}}