{"id":5704,"date":"2024-06-30T21:22:56","date_gmt":"2024-06-30T21:22:56","guid":{"rendered":"https:\/\/radiogjilani.com\/index.php\/2024\/06\/30\/hapet-aksi-thumane-kashar-rama-shume-shpejt-fillon-rruga-e-ndroqit-dhe-zgjerimi-i-tirane-durres\/"},"modified":"2024-06-30T21:22:56","modified_gmt":"2024-06-30T21:22:56","slug":"hapet-aksi-thumane-kashar-rama-shume-shpejt-fillon-rruga-e-ndroqit-dhe-zgjerimi-i-tirane-durres","status":"publish","type":"post","link":"https:\/\/radiogjilani.com\/index.php\/2024\/06\/30\/hapet-aksi-thumane-kashar-rama-shume-shpejt-fillon-rruga-e-ndroqit-dhe-zgjerimi-i-tirane-durres\/","title":{"rendered":"Hapet aksi Thuman\u00eb-Kashar, Rama: Shum\u00eb shpejt fillon rruga e Ndroqit dhe zgjerimi i Tiran\u00eb-Durr\u00ebs"},"content":{"rendered":"<p>Pasditen e sotme \u00ebsht\u00eb hapur qarkullimi p\u00ebr aksin Thuman\u00eb Kashar, segmenti i par\u00eb i Korridorit Blu, q\u00eb i paraprin tre kantiereve t\u00eb reja Thuman\u00eb \u2013 Milot, Kashar \u2013 Lekaj dhe Lekaj \u2013 Fier.<\/p>\n<p>Hapjen e k\u00ebtij aksi e b\u00ebn\u00eb\u00a0automjete t\u00eb\u00a0vjetra dhe retro.<\/p>\n<p>Punimet p\u00ebr k\u00ebt\u00eb aks zgjat\u00ebn rreth 9 muaj. T\u00eb pranish\u00ebm n\u00eb inaugurimin e k\u00ebtij aksi ishin t\u00eb pranish\u00ebm kryeministri Edi Rama, zv.kryeministrja Belinda Balluku dhe ministrja e Turizmit Mirela Kumbaro.<\/p>\n<p>Gjat\u00eb inspektimit kryeministri Rama u shpreh se ky aks \u00ebsht\u00eb fytyra e Shqip\u00ebris\u00eb n\u00eb vitin 2030. Nga ana tjet\u00ebr theksoi se do vijojn\u00eb punimet p\u00ebr zgjerimin e autostrad\u00ebs Tiran\u00eb-Durr\u00ebs, si dhe do vijojn\u00eb punimet p\u00ebr rrug\u00ebn Ndroqit.<\/p>\n<div class=\"iframe-container\">\n<p><a href=\"https:\/\/track.adform.net\/C\/?bn=73199340;C=0\" target=\"_blank\" rel=\"noopener\"><\/p>\n<p><img loading=\"lazy\" decoding=\"async\" src=\"https:\/\/track.adform.net\/adfserve\/?bn=73199340;srctype=4;ord=%5Btimestamp%5D\" border=\"0\" width=\"300\" height=\"250\" alt=\"\"><\/p>\n<p><\/a><\/p>\n<div class=\"tchAdBlock smallAdBlock\">\n<div class=\"siteWidthContainer\">\n<!-- \/52408802\/TCH_HOME_0 --><\/p>\n<div class=\"innerAdBlock\" pathname=\"https:\/\/albanianpost.com\/52408802\/TCH_HOME_0\" definedsizes=\"[[1250, 200], [1250, 100], [1250, 90], [300, 250], [728, 90], [970, 90], [970, 200], [970, 100], [300, 80]]\" mapping=\"desktop\" data-google-query-id=\"COK53pSI_oYDFU2Q_Qcdb3ILPw\">\n<div><\/div>\n<\/div>\n<div class=\"clearfix\"><\/div>\n<\/div>\n<div class=\"clearfix\"><\/div>\n<\/div><\/div>\n<p>\u201c\u00c7far\u00eb \u00ebsht\u00eb Shqip\u00ebria n\u00eb 2030 mund ta shohin. Brenda k\u00ebsaj periudh\u00eb nga Muriqan n\u00eb Vlor\u00eb duhet t\u00eb jet\u00eb k\u00ebshtu. Ky \u00ebsht\u00eb korridori blu. Nd\u00ebrkoh\u00eb edhe korridor i 8 do jet\u00eb i p\u00ebrfunduar. Shum\u00eb shpejt do t\u00eb filloj edhe p\u00ebr Ndroqin dhe autostrada Tiran\u00eb Durr\u00ebs do zgjerohet. Rruga n\u00eb Ndroq do jet\u00eb turistike panoramik\u00eb, do jet\u00eb kalim alternativ dhe kalim shum\u00eb i k\u00ebndsh\u00ebm\u201d.<\/p>\n<p>Ai shtoi se \u201ctuneli i Murrizi \u00ebsht\u00eb fiksimi n\u00eb luft\u00ebn me gjeologjin\u00eb\u201d.<\/p>\n<p>\u201cN\u00eb Murriz po ecim dhe nuk duam t\u00eb flasim, t\u00eb v\u00ebm\u00eb afate. Por n\u00ebse edhe fuqia e t\u00eb zot\u00ebrve t\u00eb Dibr\u00ebs do kemi tunelin para fundit t\u00eb vitit. Kam par\u00eb nj\u00eb lajm q\u00eb rruga e Arbrit do jet\u00eb me pages\u00eb. Nuk do ket\u00eb pages\u00eb p\u00ebr rrug\u00ebn e Arbrit\u201d, u shpreh Rama.<\/p>\n<p>Kalimi n\u00eb k\u00ebt\u00eb aks do t\u00eb jet\u00eb me pages\u00eb, vlera e t\u00eb cil\u00ebs do varet nga lloji i mjetit, por q\u00eb nuk do t\u00eb jet\u00eb m\u00eb posht\u00eb se 2.1 euro.<\/p>\n<p>Kjo tarif\u00eb do t\u00eb p\u00ebrllogaritet \u00e7do vit, dhe kompania private do mund ta rris\u00eb at\u00eb n\u00eb var\u00ebsi t\u00eb luhatjeve t\u00eb kursit t\u00eb k\u00ebmbimit lek\u00eb euro.<\/p>\n<p>Nd\u00ebrkoh\u00eb t\u00eb gjith\u00eb drejtuesit e automjeteve do t\u00eb ken\u00eb t\u00eb drejt\u00eb t\u00eb zgjedhin rrug\u00ebt e shpejt\u00ebsis\u00eb mbi 130 kilometra n\u00eb or\u00eb me pages\u00eb, apo rrug\u00ebt dyt\u00ebsore t\u00eb cilat do t\u00eb jen\u00eb t\u00eb disponueshme pa asnj\u00eb lloj pagese.<\/p>\n<p>Thuman\u00eb-Kashar \u00ebsht\u00eb i aks i kategoris\u00eb A, ku shpejt\u00ebsia e l\u00ebvizjes do t\u00eb jet\u00eb 130 kilometra n\u00eb or\u00eb, duke ofruar gjithashtu kushte t\u00eb larta sigurie.<\/p>\n<p>The post <a rel=\"nofollow\" href=\"https:\/\/albanianpost.com\/hapet-aksi-thumane-kashar-rama-shume-shpejt-fillon-rruga-e-ndroqit-dhe-zgjerimi-i-tirane-durres\/\">Hapet aksi Thuman\u00eb-Kashar, Rama: Shum\u00eb shpejt fillon rruga e Ndroqit dhe zgjerimi i Tiran\u00eb-Durr\u00ebs<\/a> appeared first on <a rel=\"nofollow\" href=\"https:\/\/albanianpost.com\/\">Albanian Post<\/a>.<\/p>\n","protected":false},"excerpt":{"rendered":"<p>Pasditen e sotme \u00ebsht\u00eb hapur qarkullimi p\u00ebr aksin Thuman\u00eb Kashar, segmenti i par\u00eb i Korridorit Blu, q\u00eb i paraprin tre kantiereve t\u00eb reja Thuman\u00eb \u2013 Milot, Kashar \u2013 Lekaj dhe Lekaj \u2013 Fier. Hapjen e k\u00ebtij aksi e b\u00ebn\u00eb\u00a0automjete t\u00eb\u00a0vjetra dhe retro. Punimet p\u00ebr k\u00ebt\u00eb aks zgjat\u00ebn rreth 9 muaj. T\u00eb pranish\u00ebm n\u00eb inaugurimin e [&hellip;]<\/p>\n","protected":false},"author":1,"featured_media":5705,"comment_status":"open","ping_status":"open","sticky":false,"template":"","format":"standard","meta":{"footnotes":""},"categories":[1],"tags":[],"class_list":["post-5704","post","type-post","status-publish","format-standard","has-post-thumbnail","hentry","category-uncategorized"],"_links":{"self":[{"href":"https:\/\/radiogjilani.com\/index.php\/wp-json\/wp\/v2\/posts\/5704","targetHints":{"allow":["GET"]}}],"collection":[{"href":"https:\/\/radiogjilani.com\/index.php\/wp-json\/wp\/v2\/posts"}],"about":[{"href":"https:\/\/radiogjilani.com\/index.php\/wp-json\/wp\/v2\/types\/post"}],"author":[{"embeddable":true,"href":"https:\/\/radiogjilani.com\/index.php\/wp-json\/wp\/v2\/users\/1"}],"replies":[{"embeddable":true,"href":"https:\/\/radiogjilani.com\/index.php\/wp-json\/wp\/v2\/comments?post=5704"}],"version-history":[{"count":0,"href":"https:\/\/radiogjilani.com\/index.php\/wp-json\/wp\/v2\/posts\/5704\/revisions"}],"wp:featuredmedia":[{"embeddable":true,"href":"https:\/\/radiogjilani.com\/index.php\/wp-json\/wp\/v2\/media\/5705"}],"wp:attachment":[{"href":"https:\/\/radiogjilani.com\/index.php\/wp-json\/wp\/v2\/media?parent=5704"}],"wp:term":[{"taxonomy":"category","embeddable":true,"href":"https:\/\/radiogjilani.com\/index.php\/wp-json\/wp\/v2\/categories?post=5704"},{"taxonomy":"post_tag","embeddable":true,"href":"https:\/\/radiogjilani.com\/index.php\/wp-json\/wp\/v2\/tags?post=5704"}],"curies":[{"name":"wp","href":"https:\/\/api.w.org\/{rel}","templated":true}]}}