{"id":5712,"date":"2024-07-01T22:26:40","date_gmt":"2024-07-01T22:26:40","guid":{"rendered":"https:\/\/radiogjilani.com\/index.php\/2024\/07\/01\/arrestohet-korab-gashi-i-dyshuar-per-grabitjen-e-argjendarise-ne-suhareke-ndodhej-ne-arrati-qe-7-muaj\/"},"modified":"2024-07-01T22:26:40","modified_gmt":"2024-07-01T22:26:40","slug":"arrestohet-korab-gashi-i-dyshuar-per-grabitjen-e-argjendarise-ne-suhareke-ndodhej-ne-arrati-qe-7-muaj","status":"publish","type":"post","link":"https:\/\/radiogjilani.com\/index.php\/2024\/07\/01\/arrestohet-korab-gashi-i-dyshuar-per-grabitjen-e-argjendarise-ne-suhareke-ndodhej-ne-arrati-qe-7-muaj\/","title":{"rendered":"Arrestohet Korab Gashi, i dyshuar p\u00ebr grabitjen e argjendaris\u00eb n\u00eb Suharek\u00eb \u2013 Ndodhej n\u00eb arrati qe 7 muaj"},"content":{"rendered":"<p>Policia e Kosov\u00ebs sot m\u00eb 1 korrik 2024 gjat\u00eb nj\u00eb operacioni t\u00eb organizuar nga nj\u00ebsitet relevante t\u00eb saj ka arrestuar n\u00eb Prishtin\u00eb personin e dyshuar me inicialet K.G., i cili dyshohet se \u00ebsht\u00eb i perfshir\u00eb n\u00eb rastin e Grabitjes s\u00eb argjentaris\u00eb n\u00eb Suharek\u00eb. Ai ndodhej n\u00eb arrati q\u00eb nga muaji n\u00ebntor i vitit 2023 dhe tani m\u00eb \u00ebsht\u00eb arrestuar nga autoritetet policore, ka b\u00ebr\u00eb t\u00eb ditur Policia e Kosov\u00ebs&#8230;<\/p>\n<p><a href=\"https:\/\/ekonomiaonline.com\/arrestohet-korab-gashi-i-dyshuar-per-grabitjen-e-argjendarise-ne-suhareke-ndodhej-ne-arrati-qe-7-muaj\/\" rel=\"nofollow\">Source<\/a><\/p>\n","protected":false},"excerpt":{"rendered":"<p>Policia e Kosov\u00ebs sot m\u00eb 1 korrik 2024 gjat\u00eb nj\u00eb operacioni t\u00eb organizuar nga nj\u00ebsitet relevante t\u00eb saj ka arrestuar n\u00eb Prishtin\u00eb personin e dyshuar me inicialet K.G., i cili dyshohet se \u00ebsht\u00eb i perfshir\u00eb n\u00eb rastin e Grabitjes s\u00eb argjentaris\u00eb n\u00eb Suharek\u00eb. Ai ndodhej n\u00eb arrati q\u00eb nga muaji n\u00ebntor i vitit 2023 dhe [&hellip;]<\/p>\n","protected":false},"author":1,"featured_media":5713,"comment_status":"open","ping_status":"open","sticky":false,"template":"","format":"standard","meta":{"footnotes":""},"categories":[19],"tags":[],"class_list":["post-5712","post","type-post","status-publish","format-standard","has-post-thumbnail","hentry","category-eko"],"_links":{"self":[{"href":"https:\/\/radiogjilani.com\/index.php\/wp-json\/wp\/v2\/posts\/5712","targetHints":{"allow":["GET"]}}],"collection":[{"href":"https:\/\/radiogjilani.com\/index.php\/wp-json\/wp\/v2\/posts"}],"about":[{"href":"https:\/\/radiogjilani.com\/index.php\/wp-json\/wp\/v2\/types\/post"}],"author":[{"embeddable":true,"href":"https:\/\/radiogjilani.com\/index.php\/wp-json\/wp\/v2\/users\/1"}],"replies":[{"embeddable":true,"href":"https:\/\/radiogjilani.com\/index.php\/wp-json\/wp\/v2\/comments?post=5712"}],"version-history":[{"count":0,"href":"https:\/\/radiogjilani.com\/index.php\/wp-json\/wp\/v2\/posts\/5712\/revisions"}],"wp:featuredmedia":[{"embeddable":true,"href":"https:\/\/radiogjilani.com\/index.php\/wp-json\/wp\/v2\/media\/5713"}],"wp:attachment":[{"href":"https:\/\/radiogjilani.com\/index.php\/wp-json\/wp\/v2\/media?parent=5712"}],"wp:term":[{"taxonomy":"category","embeddable":true,"href":"https:\/\/radiogjilani.com\/index.php\/wp-json\/wp\/v2\/categories?post=5712"},{"taxonomy":"post_tag","embeddable":true,"href":"https:\/\/radiogjilani.com\/index.php\/wp-json\/wp\/v2\/tags?post=5712"}],"curies":[{"name":"wp","href":"https:\/\/api.w.org\/{rel}","templated":true}]}}