{"id":572,"date":"2024-04-03T14:30:58","date_gmt":"2024-04-03T14:30:58","guid":{"rendered":"https:\/\/radiogjilani.com\/index.php\/2024\/04\/03\/arsenijevic-anetaret-e-listes-serpska-u-fshehen-ne-biren-e-miut-teksa-kurti-vizitoi-veriun-e-kosoves\/"},"modified":"2024-04-03T14:30:58","modified_gmt":"2024-04-03T14:30:58","slug":"arsenijevic-anetaret-e-listes-serpska-u-fshehen-ne-biren-e-miut-teksa-kurti-vizitoi-veriun-e-kosoves","status":"publish","type":"post","link":"https:\/\/radiogjilani.com\/index.php\/2024\/04\/03\/arsenijevic-anetaret-e-listes-serpska-u-fshehen-ne-biren-e-miut-teksa-kurti-vizitoi-veriun-e-kosoves\/","title":{"rendered":"Arsenijevi\u00e7: An\u00ebtar\u00ebt e List\u00ebs S\u00ebrpska u fsheh\u00ebn n\u00eb bir\u00ebn e miut teksa Kurti vizitoi veriun e Kosov\u00ebs"},"content":{"rendered":"<p>Kryetari i Demokracis\u00eb Serbe, Aleksandar Arsenijevi\u00e7, n\u00ebp\u00ebrmjet nj\u00eb postimi n\u00eb platform\u00ebn \u201cX\u201d t\u00eb m\u00ebrkur\u00ebn, deklaroi se n\u00eb koh\u00ebn kur kryeministri i Kosov\u00ebs, Albin Kurti, vizitoi Leposaviqin dhe Zubin Potokun \u2013 dy komuna t\u00eb banuara me shumic\u00eb serbe \u2013 n\u00eb pjes\u00ebn veriore t\u00eb Kosov\u00ebs, p\u00ebrfaq\u00ebsuesit e List\u00ebs S\u00ebrpska u struk\u00ebn n\u00eb \u201cvrim\u00ebn e miut\u201d gjat\u00eb dit\u00ebs.<\/p>\n<p>\u201cLista S\u00ebrpska ka n\u00ebnt\u00eb p\u00ebrfaq\u00ebsues n\u00eb Kuvendin e Kosov\u00ebs dhe n\u00eb baz\u00eb t\u00eb p\u00ebrllogaritjeve ka marr\u00eb 360 mij\u00eb euro. Ata deputet\u00eb duhet t\u00eb kishin dal\u00eb sot n\u00eb terren dhe ta pyesnin Kurtin se \u00e7far\u00eb dreqin po b\u00ebn n\u00eb veri dhe jo t\u00eb fshiheshin n\u00eb bir\u00ebn e miut si zakonisht\u201d, shkroi kreu i k\u00ebtij subjekti t\u00eb vog\u00ebl opozitar q\u00eb operon n\u00eb pjes\u00ebn veriore t\u00eb territorit t\u00eb Kosov\u00ebs.<\/p>\n<p>Drejtori i t\u00eb ashtuquajtur\u00ebs \u201cZyr\u00eb p\u00ebr Kosov\u00eb\u201d n\u00eb Serbi e kategorizoi \u201cprovokim\u201d vizit\u00ebn e Kurtit n\u00eb k\u00ebt\u00eb zon\u00eb t\u00eb banuar kryesisht me serb\u00eb, nd\u00ebrsa akuzoi KFOR-in dhe EULEX-in q\u00eb e lejuan. Madje, korrieri kryesor i propagand\u00ebs serbe e cil\u00ebsoi \u201cokupator\u201d kryeministrin e Kosov\u00ebs q\u00eb shfryt\u00ebzoi nj\u00eb t\u00eb drejt\u00eb kushtetuese, duke vizituar dy komuna brenda territorit kosovar.<\/p>\n<p>Ndryshe, kjo \u00ebsht\u00eb vizita e par\u00eb e shefit t\u00eb Qeveris\u00eb s\u00eb Kosov\u00ebs prejse nis\u00ebn tensionet n\u00eb veri vitin e kaluar, kur kryetar\u00ebt e rinj shqiptar\u00eb t\u00eb kat\u00ebr komunave veriore \u2013 Mitrovic\u00eb e Veriut, Zve\u00e7an, Leposaviq dhe Zubin Potok \u2013 n\u00ebn asistimin e Policis\u00eb s\u00eb Kosov\u00ebs, hyn\u00eb n\u00eb nd\u00ebrtesat komunale mes kund\u00ebrshtimit t\u00eb serb\u00ebve lokal\u00eb q\u00eb pastaj eskaloi n\u00eb protest\u00eb t\u00eb dhunshme.<\/p>\n<p>The post <a rel=\"nofollow\" href=\"https:\/\/albanianpost.com\/arsenijevic-anetaret-e-listes-serpska-u-fshehen-ne-biren-e-miut-teksa-kurti-vizitoi-veriun-e-kosoves\/\">Arsenijevi\u00e7: An\u00ebtar\u00ebt e List\u00ebs S\u00ebrpska u fsheh\u00ebn n\u00eb bir\u00ebn e miut teksa Kurti vizitoi veriun e Kosov\u00ebs<\/a> appeared first on <a rel=\"nofollow\" href=\"https:\/\/albanianpost.com\/\">Albanian Post<\/a>.<\/p>\n","protected":false},"excerpt":{"rendered":"<p>Kryetari i Demokracis\u00eb Serbe, Aleksandar Arsenijevi\u00e7, n\u00ebp\u00ebrmjet nj\u00eb postimi n\u00eb platform\u00ebn \u201cX\u201d t\u00eb m\u00ebrkur\u00ebn, deklaroi se n\u00eb koh\u00ebn kur kryeministri i Kosov\u00ebs, Albin Kurti, vizitoi Leposaviqin dhe Zubin Potokun \u2013 dy komuna t\u00eb banuara me shumic\u00eb serbe \u2013 n\u00eb pjes\u00ebn veriore t\u00eb Kosov\u00ebs, p\u00ebrfaq\u00ebsuesit e List\u00ebs S\u00ebrpska u struk\u00ebn n\u00eb \u201cvrim\u00ebn e miut\u201d gjat\u00eb dit\u00ebs. [&hellip;]<\/p>\n","protected":false},"author":1,"featured_media":573,"comment_status":"open","ping_status":"open","sticky":false,"template":"","format":"standard","meta":{"footnotes":""},"categories":[1],"tags":[],"class_list":["post-572","post","type-post","status-publish","format-standard","has-post-thumbnail","hentry","category-uncategorized"],"_links":{"self":[{"href":"https:\/\/radiogjilani.com\/index.php\/wp-json\/wp\/v2\/posts\/572","targetHints":{"allow":["GET"]}}],"collection":[{"href":"https:\/\/radiogjilani.com\/index.php\/wp-json\/wp\/v2\/posts"}],"about":[{"href":"https:\/\/radiogjilani.com\/index.php\/wp-json\/wp\/v2\/types\/post"}],"author":[{"embeddable":true,"href":"https:\/\/radiogjilani.com\/index.php\/wp-json\/wp\/v2\/users\/1"}],"replies":[{"embeddable":true,"href":"https:\/\/radiogjilani.com\/index.php\/wp-json\/wp\/v2\/comments?post=572"}],"version-history":[{"count":0,"href":"https:\/\/radiogjilani.com\/index.php\/wp-json\/wp\/v2\/posts\/572\/revisions"}],"wp:featuredmedia":[{"embeddable":true,"href":"https:\/\/radiogjilani.com\/index.php\/wp-json\/wp\/v2\/media\/573"}],"wp:attachment":[{"href":"https:\/\/radiogjilani.com\/index.php\/wp-json\/wp\/v2\/media?parent=572"}],"wp:term":[{"taxonomy":"category","embeddable":true,"href":"https:\/\/radiogjilani.com\/index.php\/wp-json\/wp\/v2\/categories?post=572"},{"taxonomy":"post_tag","embeddable":true,"href":"https:\/\/radiogjilani.com\/index.php\/wp-json\/wp\/v2\/tags?post=572"}],"curies":[{"name":"wp","href":"https:\/\/api.w.org\/{rel}","templated":true}]}}