{"id":5722,"date":"2024-07-01T22:26:35","date_gmt":"2024-07-01T22:26:35","guid":{"rendered":"https:\/\/radiogjilani.com\/index.php\/2024\/07\/01\/osmani-kosoves-ti-jepet-statusi-i-shtetit-kandidat-te-be-se-ti-largohen-edhe-masat-e-vendosura\/"},"modified":"2024-07-01T22:26:35","modified_gmt":"2024-07-01T22:26:35","slug":"osmani-kosoves-ti-jepet-statusi-i-shtetit-kandidat-te-be-se-ti-largohen-edhe-masat-e-vendosura","status":"publish","type":"post","link":"https:\/\/radiogjilani.com\/index.php\/2024\/07\/01\/osmani-kosoves-ti-jepet-statusi-i-shtetit-kandidat-te-be-se-ti-largohen-edhe-masat-e-vendosura\/","title":{"rendered":"Osmani: Kosov\u00ebs t\u2019i jepet statusi i shtetit kandidat t\u00eb BE-s\u00eb, t\u2019i largohen edhe masat e vendosura"},"content":{"rendered":"<p>Presidentja Vjosa Osmani ka th\u00ebn\u00eb se duhet t\u00eb hiqen masat ndaj Kosov\u00ebs, dhe se duhet t\u00eb vendet t\u2019i jepet statuti kandidat p\u00ebr an\u00ebtar\u00ebsim n\u00eb BE. Ajo k\u00ebto k\u00ebrkesa i parashtroi n\u00eb organizimin q\u00eb sot u b\u00eb nga Ambasada e Hungaris\u00eb n\u00eb sh\u00ebnimin e fillimit t\u00eb presidenc\u00ebs hungareze t\u00eb K\u00ebshillit t\u00eb BE-s\u00eb p\u00ebr gjysm\u00ebn e dyt\u00eb t\u00eb k\u00ebtij viti. \u00cbsht\u00eb nj\u00eb nder i v\u00ebrtet\u00eb q\u00eb k\u00ebtu t\u2019iu bashkohem k\u00ebtu p\u00ebr t\u00eb sh\u00ebnuar&#8230;<\/p>\n<p><a href=\"https:\/\/ekonomiaonline.com\/osmani-kosoves-ti-jepet-statusi-i-shtetit-kandidat-te-be-se-ti-largohen-edhe-masat-e-vendosura\/\" rel=\"nofollow\">Source<\/a><\/p>\n","protected":false},"excerpt":{"rendered":"<p>Presidentja Vjosa Osmani ka th\u00ebn\u00eb se duhet t\u00eb hiqen masat ndaj Kosov\u00ebs, dhe se duhet t\u00eb vendet t\u2019i jepet statuti kandidat p\u00ebr an\u00ebtar\u00ebsim n\u00eb BE. Ajo k\u00ebto k\u00ebrkesa i parashtroi n\u00eb organizimin q\u00eb sot u b\u00eb nga Ambasada e Hungaris\u00eb n\u00eb sh\u00ebnimin e fillimit t\u00eb presidenc\u00ebs hungareze t\u00eb K\u00ebshillit t\u00eb BE-s\u00eb p\u00ebr gjysm\u00ebn e dyt\u00eb [&hellip;]<\/p>\n","protected":false},"author":1,"featured_media":5723,"comment_status":"open","ping_status":"open","sticky":false,"template":"","format":"standard","meta":{"footnotes":""},"categories":[19],"tags":[],"class_list":["post-5722","post","type-post","status-publish","format-standard","has-post-thumbnail","hentry","category-eko"],"_links":{"self":[{"href":"https:\/\/radiogjilani.com\/index.php\/wp-json\/wp\/v2\/posts\/5722","targetHints":{"allow":["GET"]}}],"collection":[{"href":"https:\/\/radiogjilani.com\/index.php\/wp-json\/wp\/v2\/posts"}],"about":[{"href":"https:\/\/radiogjilani.com\/index.php\/wp-json\/wp\/v2\/types\/post"}],"author":[{"embeddable":true,"href":"https:\/\/radiogjilani.com\/index.php\/wp-json\/wp\/v2\/users\/1"}],"replies":[{"embeddable":true,"href":"https:\/\/radiogjilani.com\/index.php\/wp-json\/wp\/v2\/comments?post=5722"}],"version-history":[{"count":0,"href":"https:\/\/radiogjilani.com\/index.php\/wp-json\/wp\/v2\/posts\/5722\/revisions"}],"wp:featuredmedia":[{"embeddable":true,"href":"https:\/\/radiogjilani.com\/index.php\/wp-json\/wp\/v2\/media\/5723"}],"wp:attachment":[{"href":"https:\/\/radiogjilani.com\/index.php\/wp-json\/wp\/v2\/media?parent=5722"}],"wp:term":[{"taxonomy":"category","embeddable":true,"href":"https:\/\/radiogjilani.com\/index.php\/wp-json\/wp\/v2\/categories?post=5722"},{"taxonomy":"post_tag","embeddable":true,"href":"https:\/\/radiogjilani.com\/index.php\/wp-json\/wp\/v2\/tags?post=5722"}],"curies":[{"name":"wp","href":"https:\/\/api.w.org\/{rel}","templated":true}]}}