{"id":5744,"date":"2024-07-01T22:27:22","date_gmt":"2024-07-01T22:27:22","guid":{"rendered":"https:\/\/radiogjilani.com\/index.php\/2024\/07\/01\/zgjedhjet-ne-france-si-funksionon-raundi-i-dyte-pse-pjesemarrja-eshte-vendimtare-pyetje-dhe-pergjigje-per-sfiden-macron-le-pen\/"},"modified":"2024-07-01T22:27:22","modified_gmt":"2024-07-01T22:27:22","slug":"zgjedhjet-ne-france-si-funksionon-raundi-i-dyte-pse-pjesemarrja-eshte-vendimtare-pyetje-dhe-pergjigje-per-sfiden-macron-le-pen","status":"publish","type":"post","link":"https:\/\/radiogjilani.com\/index.php\/2024\/07\/01\/zgjedhjet-ne-france-si-funksionon-raundi-i-dyte-pse-pjesemarrja-eshte-vendimtare-pyetje-dhe-pergjigje-per-sfiden-macron-le-pen\/","title":{"rendered":"Zgjedhjet n\u00eb Franc\u00eb, si funksionon raundi i dyt\u00eb? Pse pjes\u00ebmarrja \u00ebsht\u00eb vendimtare? Pyetje dhe p\u00ebrgjigje p\u00ebr sfid\u00ebn Macron-Le Pen"},"content":{"rendered":"<p>Numri magjik \u00ebsht\u00eb 289: k\u00ebto jan\u00eb vendet q\u00eb nj\u00eb parti duhet t\u00eb fitoj\u00eb n\u00eb Asamblen\u00eb Komb\u00ebtare \u2013 dhoma e ul\u00ebt e Parlamentit francez \u2013 p\u00ebr t\u00eb pasur nj\u00eb shumic\u00eb absolute.<\/p>\n<p><strong>Sa vende jan\u00eb n\u00eb dispozicion p\u00ebr t\u2019u marr\u00eb?<\/strong><\/p>\n<p>Votimi i nisur t\u00eb diel\u00ebn me raundin e par\u00eb do t\u00eb rinovoj\u00eb t\u00eb gjith\u00eb Kuvendin.<\/p>\n<p>Kushtetuta franceze p\u00ebrcakton numrin maksimal t\u00eb deputet\u00ebve n\u00eb 577, vende t\u00eb cilat ndahen si m\u00eb posht\u00eb: 558 p\u00ebr departamentet, 8 p\u00ebr Kaledonin\u00eb e Re dhe territoret jasht\u00eb shtetit dhe 11 p\u00ebr banor\u00ebt francez\u00eb jasht\u00eb vendit.<\/p>\n<div class=\"iframe-container\"><\/div>\n<p>N\u00eb raundin e par\u00eb, tashm\u00eb jan\u00eb caktuar 76 vende: 39 p\u00ebr Rassemblement National, 31 p\u00ebr popullin e Frontit t\u00eb Ri, 2 p\u00ebr makronist\u00ebt, 1 p\u00ebr golist\u00ebt dhe 3 p\u00ebr partit\u00eb e tjera.<\/p>\n<p><strong>Si funksionon turni i dyfisht\u00eb dhe pse pjes\u00ebmarrja \u00ebsht\u00eb vendimtare?<\/strong><\/p>\n<p>T\u00eb gjith\u00eb shtetasit francez\u00eb t\u00eb mosh\u00ebs 18 vje\u00e7 e lart mund t\u00eb votojn\u00eb, n\u00eb total rreth 49 milion\u00eb votues. Deputet\u00ebt zgjidhen me sistem mazhoritar me dy raunde.<\/p>\n<p>P\u00ebr t\u2019u zgjedhur n\u00eb t\u00eb parin, ishte e nevojshme t\u00eb merrej nj\u00eb shumic\u00eb absolute n\u00eb zon\u00ebn zgjedhore dhe nj\u00eb num\u00ebr votash t\u00eb barabart\u00eb me nj\u00eb t\u00eb kat\u00ebrt\u00ebn e votuesve vendor\u00eb t\u00eb regjistruar.<\/p>\n<p>Shum\u00eb sfida \u2013 501 gjithsej \u2013 vendosen n\u00eb raundin e dyt\u00eb, t\u00eb planifikuar p\u00ebr n\u00eb 7 korrik: jan\u00eb \u201ckualifikuar\u201d t\u00eb gjith\u00eb kandidat\u00ebt q\u00eb kan\u00eb marr\u00eb vot\u00ebn e t\u00eb pakt\u00ebn 12.5% \u200b\u200bt\u00eb votuesve t\u00eb regjistruar n\u00eb zon\u00ebn zgjedhore.<\/p>\n<p>N\u00eb shumic\u00ebn e rasteve kalojn\u00eb dy kandidat\u00eb, por pjes\u00ebmarrja e lart\u00eb (66,7%) ka favorizuar p\u00ebrparimin e tre kandidat\u00ebve n\u00eb dhjet\u00ebra raste: gjithsej jan\u00eb parashikuar m\u00eb shum\u00eb se 300 \u201ctrek\u00ebnd\u00ebsha\u201d p\u00ebr raundin e dyt\u00eb dhe n\u00eb disa raste kat\u00ebr kandidat\u00eb. kaloi.<\/p>\n<p>Me nj\u00eb skenar t\u00eb ngjash\u00ebm, \u201cq\u00ebndrimet\u201d do t\u00eb jen\u00eb vendimtare: nj\u00eb parti mund t\u00eb zgjedh\u00eb t\u00eb \u201ct\u00ebrhiqet\u201d n\u00eb disa zona p\u00ebr t\u00eb penguar kund\u00ebrshtarin e saj duke p\u00ebrqendruar votat n\u00eb nj\u00eb kandidat t\u00eb vet\u00ebm. Marr\u00ebveshjet e rezistenc\u00ebs duhet t\u00eb finalizohen deri n\u00eb or\u00ebn 18:00 nes\u00ebr.<\/p>\n<p>N\u00eb raundin e dyt\u00eb, p\u00ebr t\u00eb fituar mjafton t\u00eb merret nj\u00eb shumic\u00eb relative.<\/p>\n<p><strong>\u00c7far\u00eb udh\u00ebzimesh votimi dhan\u00eb drejtuesit?<\/strong><\/p>\n<p>P\u00ebrpara raundit t\u00eb dyt\u00eb, e majta u b\u00ebri thirrje kandidat\u00ebve t\u00eb saj q\u00eb dol\u00ebn n\u00eb vendin e tret\u00eb t\u00eb bllokojn\u00eb t\u00eb djatht\u00ebn ekstreme duke u t\u00ebrhequr.<\/p>\n<p>Shumica presidenciale, megjithat\u00eb, \u00ebsht\u00eb e ndar\u00eb n\u00eb q\u00ebndrimin q\u00eb duhet t\u00eb adoptoj\u00eb ndaj kandidat\u00ebve t\u00eb Franc\u00ebs: Emmanuel Macron ka evokuar nj\u00eb \u201cbashkim t\u00eb gjer\u00eb qart\u00ebsisht demokratik dhe republikan\u201d p\u00ebr t\u00eb bllokuar rrug\u00ebn p\u00ebr RN.<\/p>\n<p>Kryeministri Gabriel Attal njoftoi n\u00eb vend t\u00eb k\u00ebsaj se kandidat\u00ebt e mazhoranc\u00ebs presidenciale q\u00eb dol\u00ebn t\u00eb tret\u00eb do t\u00eb t\u00ebrhiqen p\u00ebr t\u00eb favorizuar kandidat\u00ebt q\u00eb kund\u00ebrshtojn\u00eb Kuvendin dhe q\u00eb \u201cmbrojt\u00ebn vlerat republikane si ne\u201d (n\u00eb praktik\u00eb, ata do t\u2019u l\u00ebn\u00eb hap\u00ebsir\u00eb \u200b\u200bkandidat\u00ebve t\u00eb NFP, duke p\u00ebrjashtuar vet\u00ebm m\u00eb ekstremin se France Insoumise\u201d).<\/p>\n<p>Ish-kryeministri Edouard Philippe, kreu i Horizon, ka p\u00ebrjashtuar n\u00eb vend t\u00eb k\u00ebsaj \u201crezistenca\u201d q\u00eb favorizojn\u00eb kandidat\u00ebt e LFI. S\u00eb fundi, golist\u00ebt q\u00eb nuk u bashkuan me Le Pen nuk u dhan\u00eb asnj\u00eb udh\u00ebzim votimi votuesve t\u00eb tyre.<\/p>\n<p><strong>\u00c7far\u00eb ndodh n\u00ebse fiton nj\u00eb parti me orientim t\u00eb ndrysh\u00ebm nga ai i Presidentit t\u00eb Republik\u00ebs?<\/strong><\/p>\n<p>Ndodh e ashtuquajtura \u201cbashk\u00ebjetes\u00eb\u201d midis qeveris\u00eb dhe Elysee ndodh: ishin tre n\u00eb Franc\u00ebn e pasluft\u00ebs (1986-1988, 1993-1995, 1997-2002).<\/p>\n<p>Qeveria \u00ebsht\u00eb p\u00ebrgjegj\u00ebse p\u00ebr shumic\u00ebn e vendimeve t\u00eb politik\u00ebs s\u00eb brendshme, nd\u00ebrsa kreu i shtetit drejton forcat e armatosura. Nuk ka atribuime t\u00eb sakta n\u00eb lidhje me politik\u00ebn e jashtme, edhe n\u00ebse p\u00ebrfaq\u00ebsuesi i vendit jasht\u00eb kufijve \u00ebsht\u00eb zakonisht presidenti.<\/p>\n<p>Macron do t\u00eb duhet t\u00eb punoj\u00eb me Asamblen\u00eb e re p\u00ebr t\u00eb pakt\u00ebn nj\u00eb vit: n\u00eb at\u00eb moment ai do t\u00eb jet\u00eb n\u00eb gjendje t\u00eb th\u00ebrras\u00eb zgjedhje t\u00eb reja.<\/p>\n<p><em>Marr\u00eb nga \u201cCorriere della Sera\u201d<\/em><\/p>\n<p>The post <a rel=\"nofollow\" href=\"https:\/\/albanianpost.com\/zgjedhjet-ne-france-si-funksionon-raundi-i-dyte-pse-pjesemarrja-eshte-vendimtare-pyetje-dhe-pergjigje-per-sfiden-macron-le-pen\/\">Zgjedhjet n\u00eb Franc\u00eb, si funksionon raundi i dyt\u00eb? Pse pjes\u00ebmarrja \u00ebsht\u00eb vendimtare? Pyetje dhe p\u00ebrgjigje p\u00ebr sfid\u00ebn Macron-Le Pen<\/a> appeared first on <a rel=\"nofollow\" href=\"https:\/\/albanianpost.com\/\">Albanian Post<\/a>.<\/p>\n","protected":false},"excerpt":{"rendered":"<p>Numri magjik \u00ebsht\u00eb 289: k\u00ebto jan\u00eb vendet q\u00eb nj\u00eb parti duhet t\u00eb fitoj\u00eb n\u00eb Asamblen\u00eb Komb\u00ebtare \u2013 dhoma e ul\u00ebt e Parlamentit francez \u2013 p\u00ebr t\u00eb pasur nj\u00eb shumic\u00eb absolute. Sa vende jan\u00eb n\u00eb dispozicion p\u00ebr t\u2019u marr\u00eb? Votimi i nisur t\u00eb diel\u00ebn me raundin e par\u00eb do t\u00eb rinovoj\u00eb t\u00eb gjith\u00eb Kuvendin. Kushtetuta franceze [&hellip;]<\/p>\n","protected":false},"author":1,"featured_media":5745,"comment_status":"open","ping_status":"open","sticky":false,"template":"","format":"standard","meta":{"footnotes":""},"categories":[1],"tags":[],"class_list":["post-5744","post","type-post","status-publish","format-standard","has-post-thumbnail","hentry","category-uncategorized"],"_links":{"self":[{"href":"https:\/\/radiogjilani.com\/index.php\/wp-json\/wp\/v2\/posts\/5744","targetHints":{"allow":["GET"]}}],"collection":[{"href":"https:\/\/radiogjilani.com\/index.php\/wp-json\/wp\/v2\/posts"}],"about":[{"href":"https:\/\/radiogjilani.com\/index.php\/wp-json\/wp\/v2\/types\/post"}],"author":[{"embeddable":true,"href":"https:\/\/radiogjilani.com\/index.php\/wp-json\/wp\/v2\/users\/1"}],"replies":[{"embeddable":true,"href":"https:\/\/radiogjilani.com\/index.php\/wp-json\/wp\/v2\/comments?post=5744"}],"version-history":[{"count":0,"href":"https:\/\/radiogjilani.com\/index.php\/wp-json\/wp\/v2\/posts\/5744\/revisions"}],"wp:featuredmedia":[{"embeddable":true,"href":"https:\/\/radiogjilani.com\/index.php\/wp-json\/wp\/v2\/media\/5745"}],"wp:attachment":[{"href":"https:\/\/radiogjilani.com\/index.php\/wp-json\/wp\/v2\/media?parent=5744"}],"wp:term":[{"taxonomy":"category","embeddable":true,"href":"https:\/\/radiogjilani.com\/index.php\/wp-json\/wp\/v2\/categories?post=5744"},{"taxonomy":"post_tag","embeddable":true,"href":"https:\/\/radiogjilani.com\/index.php\/wp-json\/wp\/v2\/tags?post=5744"}],"curies":[{"name":"wp","href":"https:\/\/api.w.org\/{rel}","templated":true}]}}