{"id":5780,"date":"2024-07-02T23:20:59","date_gmt":"2024-07-02T23:20:59","guid":{"rendered":"https:\/\/radiogjilani.com\/index.php\/2024\/07\/02\/haxhiu-me-akuza-ndaj-gjykates-kushtetuese-thote-se-eshte-opozite-e-qeverise\/"},"modified":"2024-07-02T23:20:59","modified_gmt":"2024-07-02T23:20:59","slug":"haxhiu-me-akuza-ndaj-gjykates-kushtetuese-thote-se-eshte-opozite-e-qeverise","status":"publish","type":"post","link":"https:\/\/radiogjilani.com\/index.php\/2024\/07\/02\/haxhiu-me-akuza-ndaj-gjykates-kushtetuese-thote-se-eshte-opozite-e-qeverise\/","title":{"rendered":"Haxhiu me akuza ndaj Gjykat\u00ebs Kushtetuese, thot\u00eb se \u00ebsht\u00eb opozit\u00eb e Qeveris\u00eb"},"content":{"rendered":"<p>Ministrja e Drejt\u00ebsis\u00eb, Albulena Haxhiu, ka th\u00ebn\u00eb se Gjykata Kushtetuese po pengon reformat e qeveris\u00eb dhe e cil\u00ebsoi at\u00eb si nj\u00eb opozit\u00eb ndaj Qeveris\u00eb Kurti. Pasi iu p\u00ebmenden 10 shkeljet e Kushtetut\u00ebs nga Qeveria Kurti, ministres Haxhiu, kjo e fundit nisi sulmet ndaj Gjykat\u00ebs Kushtetuese. Bile Haxhiu citoi edhe kryeministrin, Albin Kurti \u2013 i njohur p\u00ebr sulmet ndaj Kushtetueses \u2013 q\u00eb tha se \u201cftoj&#8230;<\/p>\n<p><a href=\"https:\/\/ekonomiaonline.com\/haxhiu-me-akuza-ndaj-gjykates-kushtetuese-thote-se-eshte-opozite-e-qeverise\/\" rel=\"nofollow\">Source<\/a><\/p>\n","protected":false},"excerpt":{"rendered":"<p>Ministrja e Drejt\u00ebsis\u00eb, Albulena Haxhiu, ka th\u00ebn\u00eb se Gjykata Kushtetuese po pengon reformat e qeveris\u00eb dhe e cil\u00ebsoi at\u00eb si nj\u00eb opozit\u00eb ndaj Qeveris\u00eb Kurti. Pasi iu p\u00ebmenden 10 shkeljet e Kushtetut\u00ebs nga Qeveria Kurti, ministres Haxhiu, kjo e fundit nisi sulmet ndaj Gjykat\u00ebs Kushtetuese. Bile Haxhiu citoi edhe kryeministrin, Albin Kurti \u2013 i njohur [&hellip;]<\/p>\n","protected":false},"author":1,"featured_media":5781,"comment_status":"open","ping_status":"open","sticky":false,"template":"","format":"standard","meta":{"footnotes":""},"categories":[19],"tags":[],"class_list":["post-5780","post","type-post","status-publish","format-standard","has-post-thumbnail","hentry","category-eko"],"_links":{"self":[{"href":"https:\/\/radiogjilani.com\/index.php\/wp-json\/wp\/v2\/posts\/5780","targetHints":{"allow":["GET"]}}],"collection":[{"href":"https:\/\/radiogjilani.com\/index.php\/wp-json\/wp\/v2\/posts"}],"about":[{"href":"https:\/\/radiogjilani.com\/index.php\/wp-json\/wp\/v2\/types\/post"}],"author":[{"embeddable":true,"href":"https:\/\/radiogjilani.com\/index.php\/wp-json\/wp\/v2\/users\/1"}],"replies":[{"embeddable":true,"href":"https:\/\/radiogjilani.com\/index.php\/wp-json\/wp\/v2\/comments?post=5780"}],"version-history":[{"count":0,"href":"https:\/\/radiogjilani.com\/index.php\/wp-json\/wp\/v2\/posts\/5780\/revisions"}],"wp:featuredmedia":[{"embeddable":true,"href":"https:\/\/radiogjilani.com\/index.php\/wp-json\/wp\/v2\/media\/5781"}],"wp:attachment":[{"href":"https:\/\/radiogjilani.com\/index.php\/wp-json\/wp\/v2\/media?parent=5780"}],"wp:term":[{"taxonomy":"category","embeddable":true,"href":"https:\/\/radiogjilani.com\/index.php\/wp-json\/wp\/v2\/categories?post=5780"},{"taxonomy":"post_tag","embeddable":true,"href":"https:\/\/radiogjilani.com\/index.php\/wp-json\/wp\/v2\/tags?post=5780"}],"curies":[{"name":"wp","href":"https:\/\/api.w.org\/{rel}","templated":true}]}}