{"id":5792,"date":"2024-07-02T23:21:25","date_gmt":"2024-07-02T23:21:25","guid":{"rendered":"https:\/\/radiogjilani.com\/index.php\/2024\/07\/02\/beetlejuice-beetlejuice-i-tim-burton-do-te-hape-festivalin-e-filmit-ne-venecia\/"},"modified":"2024-07-02T23:21:25","modified_gmt":"2024-07-02T23:21:25","slug":"beetlejuice-beetlejuice-i-tim-burton-do-te-hape-festivalin-e-filmit-ne-venecia","status":"publish","type":"post","link":"https:\/\/radiogjilani.com\/index.php\/2024\/07\/02\/beetlejuice-beetlejuice-i-tim-burton-do-te-hape-festivalin-e-filmit-ne-venecia\/","title":{"rendered":"Beetlejuice Beetlejuice i Tim Burton do t\u00eb hap\u00eb festivalin e filmit n\u00eb Venecia"},"content":{"rendered":"<p>Beetlejuice Beetlejuice, vazhdimi i hitit t\u00eb Tim Burton \u2013 Beetlejuice 1988 \u2013 \u00ebsht\u00eb p\u00ebrzgjedhur si filmi hap\u00ebs i festivalit t\u00eb filmit n\u00eb Venecia.<\/p>\n<p>Shfaqja do t\u00eb jet\u00eb premiera bot\u00ebrore e filmit, i cili ribashkon yjet origjinale Michael Keaton dhe Winona Ryder me Burton.<\/p>\n<p>Drejtori i festivalit Alberto Barbera tha n\u00eb nj\u00eb deklarat\u00eb se \u201csh\u00ebnon rikthimin e shum\u00ebpritur t\u00eb nj\u00eb prej karaktereve m\u00eb ikonike t\u00eb Tim Burton\u201d.<\/p>\n<p>Burton tha se \u201cjam shum\u00eb i emocionuar nga kjo\u201d.<\/p>\n<div class=\"iframe-container\"><\/div>\n<p>\u201cDo t\u00eb thot\u00eb shum\u00eb p\u00ebr mua t\u00eb kem premier\u00ebn bot\u00ebrore t\u00eb k\u00ebtij filmi n\u00eb festivalin e filmit n\u00eb Venecia\u201d.<\/p>\n<p>Beetlejuice Beetlejuice zhvillohet 36 vjet pas ngjarjeve t\u00eb filmit origjinal dhe paraqet Jenna Ortegan si Astrid Deetz, vajza e personazhit t\u00eb Ryder, Lydia Deetz.<\/p>\n<p>Keaton kthehet si \u201cbio-ekzorcist\u201d Beetlejuice, me Monica Bellucci q\u00eb shfaqet si ish-gruaja e tij, Delores.<\/p>\n<p>Hapja n\u00eb Venecia vler\u00ebsohet ve\u00e7an\u00ebrisht n\u00eb qarkun e festivalit, me nj\u00eb num\u00ebr t\u00eb konsideruesh\u00ebm n\u00eb vitet e fundit \u2013 duke p\u00ebrfshir\u00eb La La Land dhe Birdman \u2013 q\u00eb kan\u00eb arritur suksesin e \u00e7mimeve.<\/p>\n<p>Festivali i filmit n\u00eb Venecia fillon m\u00eb 28 gusht dhe zgjat deri m\u00eb 7 shtator.<\/p>\n<p>The post <a rel=\"nofollow\" href=\"https:\/\/albanianpost.com\/beetlejuice-beetlejuice-i-tim-burton-do-te-hape-festivalin-e-filmit-ne-venecia\/\">Beetlejuice Beetlejuice i Tim Burton do t\u00eb hap\u00eb festivalin e filmit n\u00eb Venecia<\/a> appeared first on <a rel=\"nofollow\" href=\"https:\/\/albanianpost.com\/\">Albanian Post<\/a>.<\/p>\n","protected":false},"excerpt":{"rendered":"<p>Beetlejuice Beetlejuice, vazhdimi i hitit t\u00eb Tim Burton \u2013 Beetlejuice 1988 \u2013 \u00ebsht\u00eb p\u00ebrzgjedhur si filmi hap\u00ebs i festivalit t\u00eb filmit n\u00eb Venecia. Shfaqja do t\u00eb jet\u00eb premiera bot\u00ebrore e filmit, i cili ribashkon yjet origjinale Michael Keaton dhe Winona Ryder me Burton. Drejtori i festivalit Alberto Barbera tha n\u00eb nj\u00eb deklarat\u00eb se \u201csh\u00ebnon rikthimin [&hellip;]<\/p>\n","protected":false},"author":1,"featured_media":5793,"comment_status":"open","ping_status":"open","sticky":false,"template":"","format":"standard","meta":{"footnotes":""},"categories":[1],"tags":[],"class_list":["post-5792","post","type-post","status-publish","format-standard","has-post-thumbnail","hentry","category-uncategorized"],"_links":{"self":[{"href":"https:\/\/radiogjilani.com\/index.php\/wp-json\/wp\/v2\/posts\/5792","targetHints":{"allow":["GET"]}}],"collection":[{"href":"https:\/\/radiogjilani.com\/index.php\/wp-json\/wp\/v2\/posts"}],"about":[{"href":"https:\/\/radiogjilani.com\/index.php\/wp-json\/wp\/v2\/types\/post"}],"author":[{"embeddable":true,"href":"https:\/\/radiogjilani.com\/index.php\/wp-json\/wp\/v2\/users\/1"}],"replies":[{"embeddable":true,"href":"https:\/\/radiogjilani.com\/index.php\/wp-json\/wp\/v2\/comments?post=5792"}],"version-history":[{"count":0,"href":"https:\/\/radiogjilani.com\/index.php\/wp-json\/wp\/v2\/posts\/5792\/revisions"}],"wp:featuredmedia":[{"embeddable":true,"href":"https:\/\/radiogjilani.com\/index.php\/wp-json\/wp\/v2\/media\/5793"}],"wp:attachment":[{"href":"https:\/\/radiogjilani.com\/index.php\/wp-json\/wp\/v2\/media?parent=5792"}],"wp:term":[{"taxonomy":"category","embeddable":true,"href":"https:\/\/radiogjilani.com\/index.php\/wp-json\/wp\/v2\/categories?post=5792"},{"taxonomy":"post_tag","embeddable":true,"href":"https:\/\/radiogjilani.com\/index.php\/wp-json\/wp\/v2\/tags?post=5792"}],"curies":[{"name":"wp","href":"https:\/\/api.w.org\/{rel}","templated":true}]}}