{"id":5798,"date":"2024-07-02T23:21:22","date_gmt":"2024-07-02T23:21:22","guid":{"rendered":"https:\/\/radiogjilani.com\/index.php\/2024\/07\/02\/lajcak-bislimi-e-petkovic-u-pajtuan-per-nje-sere-hapash\/"},"modified":"2024-07-02T23:21:22","modified_gmt":"2024-07-02T23:21:22","slug":"lajcak-bislimi-e-petkovic-u-pajtuan-per-nje-sere-hapash","status":"publish","type":"post","link":"https:\/\/radiogjilani.com\/index.php\/2024\/07\/02\/lajcak-bislimi-e-petkovic-u-pajtuan-per-nje-sere-hapash\/","title":{"rendered":"Laj\u00e7ak: Bislimi e Petkovi\u00e7 u pajtuan p\u00ebr nj\u00eb s\u00ebr\u00eb hapash"},"content":{"rendered":"<p>I deleguari i Bashkimit Evropian p\u00ebr dialogun, <a href=\"https:\/\/x.com\/MiroslavLajcak\/status\/1808229722247098569?ref_src=twsrc%5Etfw%7Ctwcamp%5Etweetembed%7Ctwterm%5E1808229722247098569%7Ctwgr%5E3fffb5e47013b75e06fd459850b368ee79ee5717%7Ctwcon%5Es1_&#038;ref_url=https%3A%2F%2Fwww.gazetaexpress.com%2Flajcak-deklarohetpas-takimit-trepalesh-me-bislimin-e-petkoviqin-rame-dakord-per-nje-sere-hapash%2F\">Miroslav Laj\u00e7ak<\/a>, pas p\u00ebrfundimit t\u00eb takimit n\u00eb mes t\u00eb z\u00ebvend\u00ebskryeministrit t\u00eb par\u00eb t\u00eb Kosov\u00ebs, Besnik Bislimit me kryenegociatorin e pal\u00ebs serbe, Petar Petkovi\u00e7, tha se p\u00ebr rreth dy or\u00eb bisedime n\u00eb Bruksel \u201cjan\u00eb trajtuar nj\u00eb gam\u00eb t\u00eb gjer\u00eb \u00e7\u00ebshtjesh\u201d.<\/p>\n<p>Sipas tij Kosova dhe Serbia, n\u00eb Bruksel t\u00eb mart\u00ebn, kan\u00eb \u201cr\u00ebn\u00eb dakord p\u00ebr nj\u00eb s\u00ebr\u00eb hapash q\u00eb do t\u00eb nd\u00ebrmerren n\u00eb vijim\u201d.<\/p>\n<p>N\u00eb an\u00ebn tjet\u00ebr, Bislimi, pas takimit tha se Serbia ishte e interesuar t\u00eb bisedoj\u00eb vet\u00ebm p\u00ebr themelimin e Asociacionit t\u00eb Komunave me Shumic\u00eb Serbe.<\/p>\n<p>N\u00eb nj\u00eb prononcim p\u00ebr media t\u00eb mart\u00ebn n\u00eb Bruksel, Bislimi, nd\u00ebr t\u00eb tjera potencoi se Serbia nuk \u00ebsht\u00eb e interesuar t\u00eb diskutoj\u00eb p\u00ebr finalizimin e planit t\u00eb sekuencimit t\u00eb Marr\u00ebveshjes s\u00eb Brukselit\/Ohrit.<\/p>\n<div class=\"iframe-container\"><\/div>\n<p>Pika e vetme e agjend\u00ebs n\u00eb t\u00eb cil\u00ebn ne duhej t\u00eb sh\u00ebnonim p\u00ebrparim ishte diskutimi i finalizimit t\u00eb planit t\u00eb sekuencimit. Megjithat\u00eb nga pala serbe u b\u00eb e qart\u00eb prej fillimit se ata duan t\u00eb zbatojn\u00eb vet\u00ebm pjes\u00eb t\u00eb Marr\u00ebveshjes Baz\u00eb, q\u00eb jan\u00eb n\u00eb harmoni me vijat e tyre t\u00eb kuqe. Ne nuk i kemi par\u00eb kurr\u00eb ato vija t\u00eb kuqe. Petkovi\u00e7 nuk ishte i interesuar as t\u00eb bisedoj\u00eb p\u00ebr planin e sekuencimit\u201d, tha Bislimi.<\/p>\n<p>Nd\u00ebrsa pala kosovare, sipas Bislimit, ka pasur propozime p\u00ebr secil\u00ebn pik\u00eb t\u00eb planit t\u00eb sekuencimit, meq\u00eb n\u00eb vler\u00ebsimin e tij \u201cMarr\u00ebveshja Bazike duhet t\u00eb pranohet n\u00eb plotni\u201d.<\/p>\n<p>\u201cPlani i sekuencimit duhet t\u00eb jet\u00eb gjith\u00ebp\u00ebrfshir\u00ebs pasi s\u2019mund t\u00eb dizajnojm\u00eb 10 plane t\u00eb sekuencimit\u201d.<\/p>\n<p>Bislimi gjithashtu ka potencuar se gjat\u00eb bisedimeve i deleguar i Bashkimit Evropian p\u00ebr dialogun, Miroslav Laj\u00e7ak, ka k\u00ebrkuar si nga Kosova ashtu edhe Serbia q\u00eb deri m\u00eb 18 korrik \u201ct\u00eb d\u00ebrgojm\u00eb komentet tona me shkrim p\u00ebr k\u00ebt\u00eb marr\u00ebveshje\u201d.<\/p>\n<p>The post <a rel=\"nofollow\" href=\"https:\/\/albanianpost.com\/lajcak-bislimi-e-petkovic-u-pajtuan-per-nje-sere-hapash\/\">Laj\u00e7ak: Bislimi e Petkovi\u00e7 u pajtuan p\u00ebr nj\u00eb s\u00ebr\u00eb hapash<\/a> appeared first on <a rel=\"nofollow\" href=\"https:\/\/albanianpost.com\/\">Albanian Post<\/a>.<\/p>\n","protected":false},"excerpt":{"rendered":"<p>I deleguari i Bashkimit Evropian p\u00ebr dialogun, Miroslav Laj\u00e7ak, pas p\u00ebrfundimit t\u00eb takimit n\u00eb mes t\u00eb z\u00ebvend\u00ebskryeministrit t\u00eb par\u00eb t\u00eb Kosov\u00ebs, Besnik Bislimit me kryenegociatorin e pal\u00ebs serbe, Petar Petkovi\u00e7, tha se p\u00ebr rreth dy or\u00eb bisedime n\u00eb Bruksel \u201cjan\u00eb trajtuar nj\u00eb gam\u00eb t\u00eb gjer\u00eb \u00e7\u00ebshtjesh\u201d. Sipas tij Kosova dhe Serbia, n\u00eb Bruksel t\u00eb mart\u00ebn, [&hellip;]<\/p>\n","protected":false},"author":1,"featured_media":5799,"comment_status":"open","ping_status":"open","sticky":false,"template":"","format":"standard","meta":{"footnotes":""},"categories":[1],"tags":[],"class_list":["post-5798","post","type-post","status-publish","format-standard","has-post-thumbnail","hentry","category-uncategorized"],"_links":{"self":[{"href":"https:\/\/radiogjilani.com\/index.php\/wp-json\/wp\/v2\/posts\/5798","targetHints":{"allow":["GET"]}}],"collection":[{"href":"https:\/\/radiogjilani.com\/index.php\/wp-json\/wp\/v2\/posts"}],"about":[{"href":"https:\/\/radiogjilani.com\/index.php\/wp-json\/wp\/v2\/types\/post"}],"author":[{"embeddable":true,"href":"https:\/\/radiogjilani.com\/index.php\/wp-json\/wp\/v2\/users\/1"}],"replies":[{"embeddable":true,"href":"https:\/\/radiogjilani.com\/index.php\/wp-json\/wp\/v2\/comments?post=5798"}],"version-history":[{"count":0,"href":"https:\/\/radiogjilani.com\/index.php\/wp-json\/wp\/v2\/posts\/5798\/revisions"}],"wp:featuredmedia":[{"embeddable":true,"href":"https:\/\/radiogjilani.com\/index.php\/wp-json\/wp\/v2\/media\/5799"}],"wp:attachment":[{"href":"https:\/\/radiogjilani.com\/index.php\/wp-json\/wp\/v2\/media?parent=5798"}],"wp:term":[{"taxonomy":"category","embeddable":true,"href":"https:\/\/radiogjilani.com\/index.php\/wp-json\/wp\/v2\/categories?post=5798"},{"taxonomy":"post_tag","embeddable":true,"href":"https:\/\/radiogjilani.com\/index.php\/wp-json\/wp\/v2\/tags?post=5798"}],"curies":[{"name":"wp","href":"https:\/\/api.w.org\/{rel}","templated":true}]}}