{"id":5838,"date":"2024-07-03T23:21:31","date_gmt":"2024-07-03T23:21:31","guid":{"rendered":"https:\/\/radiogjilani.com\/index.php\/2024\/07\/03\/inflacioni-turk-frenohet-per-here-te-pare-ne-8-muaj\/"},"modified":"2024-07-03T23:21:31","modified_gmt":"2024-07-03T23:21:31","slug":"inflacioni-turk-frenohet-per-here-te-pare-ne-8-muaj","status":"publish","type":"post","link":"https:\/\/radiogjilani.com\/index.php\/2024\/07\/03\/inflacioni-turk-frenohet-per-here-te-pare-ne-8-muaj\/","title":{"rendered":"Inflacioni turk frenohet p\u00ebr her\u00eb t\u00eb par\u00eb n\u00eb 8 muaj"},"content":{"rendered":"<p>Norma e inflacionit t\u00eb Turqis\u00eb \u00ebsht\u00eb frenuar p\u00ebr her\u00eb t\u00eb par\u00eb n\u00eb tet\u00eb muaj, duke rritur shpresat e politik\u00ebb\u00ebr\u00ebsve se nj\u00eb kriz\u00eb afatgjat\u00eb e kostos s\u00eb jetes\u00ebs po leht\u00ebsohet, nj\u00eb vit pasi Ankaraja nisi nj\u00eb plan gjith\u00ebp\u00ebrfshir\u00ebs t\u00eb kthes\u00ebs ekonomike.<\/p>\n<p>\u00c7mimet e konsumit u rrit\u00ebn me 71.6 p\u00ebr qind n\u00eb qershor nga i nj\u00ebjti muaj i nj\u00eb viti m\u00eb par\u00eb, nj\u00eb rit\u00ebm m\u00eb i ngadalt\u00eb se sa pritej dhe n\u00eb r\u00ebnie nga niveli i lart\u00eb gati dy-vje\u00e7ar prej 75.5 p\u00ebr qind n\u00eb maj, sipas t\u00eb dh\u00ebnave zyrtare.<\/p>\n<p>R\u00ebnia e inflacionit \u00ebsht\u00eb nj\u00eb nga shenjat m\u00eb t\u00eb forta deri m\u00eb sot se largimi i Turqis\u00eb nga politika monetare jokonvencionale pas rizgjedhjes s\u00eb Presidentit Recep Tayyip Erdo\u011fan n\u00eb maj t\u00eb vitit t\u00eb kaluar ka filluar t\u00eb jap\u00eb fryte.<\/p>\n<p>Pjesa qendrore e programit t\u00eb ri, i cili po t\u00ebrheq ngadal\u00eb investitor\u00ebt e huaj q\u00eb kan\u00eb braktisur tregun vitet e fundit, ka qen\u00eb rritja e madhe e kostove t\u00eb huamarrjes. Banka qendrore ngriti norm\u00ebn e saj kryesore t\u00eb interesit nga 8.5 p\u00ebr qind n\u00eb qershor t\u00eb vitit t\u00eb kaluar n\u00eb 50 p\u00ebr qind deri n\u00eb mars, n\u00eb nj\u00eb p\u00ebrpjekje p\u00ebr t\u00eb frenuar rritjen e shpejt\u00eb t\u00eb \u00e7mimeve.<\/p>\n<div class=\"iframe-container\"><\/div>\n<p>\u201cProcesi i dezinflacionit ka filluar,\u201d tha ministri i financave Mehmet Shim\u015fek pas raportit t\u00eb inflacionit t\u00eb s\u00eb m\u00ebrkur\u00ebs. \u201cNe do t\u00eb sigurojm\u00eb nj\u00eb rritje t\u00eb p\u00ebrhershme t\u00eb mir\u00ebqenies duke zbatuar programin ton\u00eb me vendosm\u00ebri derisa t\u00eb arrijm\u00eb stabilitetin e \u00e7mimeve\u201d.<\/p>\n<p>Norma mujore e inflacionit ra gjithashtu ndjesh\u00ebm n\u00eb 1.6 p\u00ebr qind n\u00eb qershor nga 3.4 p\u00ebr qind n\u00eb maj, sipas t\u00eb dh\u00ebnave t\u00eb l\u00ebshuara t\u00eb m\u00ebrkur\u00ebn nga Instituti i Statistikave Turke. Kostot e veshjeve dhe k\u00ebpuc\u00ebve dhe transportit ran\u00eb n\u00eb qershor nga maji, megjith\u00ebse \u00e7mimet e banesave vazhduan t\u00eb rriteshin ndjesh\u00ebm.<\/p>\n<p>Megjithat\u00eb, disa ekonomist\u00eb vun\u00eb n\u00eb dukje se kishte nj\u00eb hendek t\u00eb gjer\u00eb midis shifrave zyrtare dhe nj\u00eb grupi tjet\u00ebr t\u00eb dh\u00ebnash q\u00eb mat \u00e7mimet n\u00eb Stamboll, ku jeton nj\u00eb e pesta e popullsis\u00eb s\u00eb Turqis\u00eb.<\/p>\n<p>Dhoma e Tregtis\u00eb e Stambollit (ITO) zbuloi se \u00e7mimet u rrit\u00ebn me nj\u00eb norm\u00eb vjetore prej rreth 82 p\u00ebr qind n\u00eb Stamboll n\u00eb qershor. Selva Demiralp, nj\u00eb ekonomiste n\u00eb Universitetin Ko\u00e7 t\u00eb Stambollit, e cila ndjek nga af\u00ebr t\u00eb dh\u00ebnat e inflacionit, vuri n\u00eb dukje se kur krahasohen me shifrat e ITO-s, numrat komb\u00ebtar\u00eb ishin \u201c\u00e7udit\u00ebrisht t\u00eb ul\u00ebta\u201d.<\/p>\n<p>Ekziston gjithashtu nj\u00eb rrezik i nj\u00eb pengese t\u00eb re n\u00eb korrik, kur autoritetet ka t\u00eb ngjar\u00eb t\u00eb rrisin \u00e7mimet q\u00eb jan\u00eb n\u00ebn kontrollin e tyre, t\u00eb tilla si tarifat e energjis\u00eb elektrike, tha Hakan Kara, nj\u00eb ish-kryekonomist i bank\u00ebs qendrore turke.<\/p>\n<p>Megjithat\u00eb, ekonomist\u00ebt vendas dhe t\u00eb huaj presin p\u00ebrgjith\u00ebsisht nj\u00eb r\u00ebnie t\u00eb m\u00ebtejshme t\u00eb inflacionit n\u00eb muajt e ardhsh\u00ebm, gj\u00eb q\u00eb mund t\u00eb \u00e7oj\u00eb n\u00eb ulje t\u00eb norm\u00ebs m\u00eb von\u00eb k\u00ebt\u00eb vit ose n\u00eb fillim t\u00eb 2025.<\/p>\n<p>Bizneset vendase presin q\u00eb rritja e \u00e7mimeve t\u00eb konsumit t\u00eb bjer\u00eb n\u00eb 44 p\u00ebr qind deri n\u00eb fund t\u00eb k\u00ebtij viti, megjith\u00ebse ata ende parashikojn\u00eb inflacion dyshifror pes\u00eb vjet nga tani, sipas nj\u00eb sondazhi t\u00eb fundit t\u00eb bank\u00ebs qendrore.<\/p>\n<p>T\u00eb dh\u00ebna t\u00eb tjera t\u00eb publikuara koh\u00ebt e fundit kan\u00eb n\u00ebnvizuar pritshm\u00ebrit\u00eb se programi i ri ekonomik, i udh\u00ebhequr nga Shim\u015fek, po ftoh ngadal\u00eb pjes\u00eb t\u00eb ekonomis\u00eb s\u00eb Turqis\u00eb prej 1 trilion dollar\u00ebsh.<\/p>\n<p>Tregu i makinave, i cili ka vite q\u00eb \u00ebsht\u00eb mbinxehur pasi turqit blen\u00eb automjete n\u00eb p\u00ebrpjekje p\u00ebr t\u00eb mbrojtur kursimet e tyre kund\u00ebr inflacionit dhe r\u00ebnieve t\u00eb m\u00ebdha t\u00eb lir\u00ebs, \u200b\u200bs\u00eb fundmi ka goditur shpejt\u00ebsin\u00eb e pasme.<\/p>\n<p>Shitjet me pakic\u00eb t\u00eb makinave dhe automjeteve t\u00eb lehta komerciale ran\u00eb 5.3 p\u00ebr qind n\u00eb qershor me baz\u00eb vjetore, tregojn\u00eb t\u00eb dh\u00ebnat nga Shoqata e Shp\u00ebrndar\u00ebsve dhe L\u00ebvizshm\u00ebris\u00eb s\u00eb Automobilave.<\/p>\n<p>Aktiviteti n\u00eb sektorin e fabrikave t\u00eb Turqis\u00eb u tkurr p\u00ebr muajin e tret\u00eb radhazi n\u00eb qershor, me grupet q\u00eb rrit\u00ebn \u00e7mimet me ritmin m\u00eb t\u00eb ngadalt\u00eb n\u00eb kat\u00ebr vjet e gjysm\u00eb, sipas indeksit t\u00eb menaxher\u00ebve t\u00eb blerjeve t\u00eb Dhom\u00ebs s\u00eb Industris\u00eb s\u00eb Stambollit.<\/p>\n<p>\u201cPeriudha e q\u00ebndrueshme e k\u00ebrkes\u00ebs s\u00eb heshtur ka filluar t\u00eb ndihet m\u00eb fort n\u00eb tregun e pun\u00ebs n\u00eb prodhim, me firmat turke q\u00eb tregojn\u00eb ngurrim p\u00ebr t\u00eb z\u00ebvend\u00ebsuar stafin q\u00eb largohet dhe k\u00ebshtu zvog\u00eblojn\u00eb pun\u00ebsimin n\u00eb shkall\u00ebn m\u00eb t\u00eb madhe q\u00eb nga tetori 2022,\u201d tha Andrew Harker, drejtor i ekonomis\u00eb n\u00eb S&#038;P Global Market Intelligence,\u00a0n\u00eb raportin e PMI.<\/p>\n<p>Pavar\u00ebsisht ngadal\u00ebsimit n\u00eb sektorin e biznesit t\u00eb Turqis\u00eb, politik\u00ebb\u00ebr\u00ebsit jan\u00eb ende duke luftuar p\u00ebr t\u00eb ulur pritjet e larta t\u00eb inflacionit midis konsumator\u00ebve, t\u00eb cil\u00ebt kan\u00eb par\u00eb q\u00eb kursimet e tyre tkurren vitet e fundit.<\/p>\n<p>Konsumator\u00ebt turq parashikojn\u00eb nj\u00eb norm\u00eb inflacioni n\u00eb fund t\u00eb vitit prej rreth 90 p\u00ebr qind, sipas nj\u00eb sondazhi t\u00eb qershorit nga Universiteti Ko\u00e7 i Stambollit. Nga t\u00eb anketuarit, 88 p\u00ebr qind treguan se ishte nj\u00eb koh\u00eb e mir\u00eb p\u00ebr t\u00eb bler\u00eb mallra afatgjat\u00eb \u2013 n\u00eb shenj\u00eb t\u00eb kujdesit ndaj premtimeve se batica ka ndryshuar.<\/p>\n<p>The post <a rel=\"nofollow\" href=\"https:\/\/albanianpost.com\/inflacioni-turk-frenohet-per-here-te-pare-ne-8-muaj\/\">Inflacioni turk frenohet p\u00ebr her\u00eb t\u00eb par\u00eb n\u00eb 8 muaj<\/a> appeared first on <a rel=\"nofollow\" href=\"https:\/\/albanianpost.com\/\">Albanian Post<\/a>.<\/p>\n","protected":false},"excerpt":{"rendered":"<p>Norma e inflacionit t\u00eb Turqis\u00eb \u00ebsht\u00eb frenuar p\u00ebr her\u00eb t\u00eb par\u00eb n\u00eb tet\u00eb muaj, duke rritur shpresat e politik\u00ebb\u00ebr\u00ebsve se nj\u00eb kriz\u00eb afatgjat\u00eb e kostos s\u00eb jetes\u00ebs po leht\u00ebsohet, nj\u00eb vit pasi Ankaraja nisi nj\u00eb plan gjith\u00ebp\u00ebrfshir\u00ebs t\u00eb kthes\u00ebs ekonomike. \u00c7mimet e konsumit u rrit\u00ebn me 71.6 p\u00ebr qind n\u00eb qershor nga i nj\u00ebjti muaj [&hellip;]<\/p>\n","protected":false},"author":1,"featured_media":5839,"comment_status":"open","ping_status":"open","sticky":false,"template":"","format":"standard","meta":{"footnotes":""},"categories":[1],"tags":[],"class_list":["post-5838","post","type-post","status-publish","format-standard","has-post-thumbnail","hentry","category-uncategorized"],"_links":{"self":[{"href":"https:\/\/radiogjilani.com\/index.php\/wp-json\/wp\/v2\/posts\/5838","targetHints":{"allow":["GET"]}}],"collection":[{"href":"https:\/\/radiogjilani.com\/index.php\/wp-json\/wp\/v2\/posts"}],"about":[{"href":"https:\/\/radiogjilani.com\/index.php\/wp-json\/wp\/v2\/types\/post"}],"author":[{"embeddable":true,"href":"https:\/\/radiogjilani.com\/index.php\/wp-json\/wp\/v2\/users\/1"}],"replies":[{"embeddable":true,"href":"https:\/\/radiogjilani.com\/index.php\/wp-json\/wp\/v2\/comments?post=5838"}],"version-history":[{"count":0,"href":"https:\/\/radiogjilani.com\/index.php\/wp-json\/wp\/v2\/posts\/5838\/revisions"}],"wp:featuredmedia":[{"embeddable":true,"href":"https:\/\/radiogjilani.com\/index.php\/wp-json\/wp\/v2\/media\/5839"}],"wp:attachment":[{"href":"https:\/\/radiogjilani.com\/index.php\/wp-json\/wp\/v2\/media?parent=5838"}],"wp:term":[{"taxonomy":"category","embeddable":true,"href":"https:\/\/radiogjilani.com\/index.php\/wp-json\/wp\/v2\/categories?post=5838"},{"taxonomy":"post_tag","embeddable":true,"href":"https:\/\/radiogjilani.com\/index.php\/wp-json\/wp\/v2\/tags?post=5838"}],"curies":[{"name":"wp","href":"https:\/\/api.w.org\/{rel}","templated":true}]}}