{"id":5870,"date":"2024-07-04T23:20:33","date_gmt":"2024-07-04T23:20:33","guid":{"rendered":"https:\/\/radiogjilani.com\/index.php\/2024\/07\/04\/vdekja-e-punetorit-ne-vendin-e-punes-nikci-apelon-tek-kompanite-ta-respektojne-ligjin-e-punetoret-ti-raportojne-parregullesite\/"},"modified":"2024-07-04T23:20:33","modified_gmt":"2024-07-04T23:20:33","slug":"vdekja-e-punetorit-ne-vendin-e-punes-nikci-apelon-tek-kompanite-ta-respektojne-ligjin-e-punetoret-ti-raportojne-parregullesite","status":"publish","type":"post","link":"https:\/\/radiogjilani.com\/index.php\/2024\/07\/04\/vdekja-e-punetorit-ne-vendin-e-punes-nikci-apelon-tek-kompanite-ta-respektojne-ligjin-e-punetoret-ti-raportojne-parregullesite\/","title":{"rendered":"Vdekja e pun\u00ebtorit n\u00eb vendin e pun\u00ebs \u2013 Nik\u00e7i apelon tek kompanit\u00eb ta respektojn\u00eb Ligjin e pun\u00ebtor\u00ebt t\u2019i raportojn\u00eb parregull\u00ebsit\u00eb"},"content":{"rendered":"<p>Kryeinspektori i Inspektoratit t\u00eb Pun\u00ebs, Hekuran Nik\u00e7i, ka shprehur ngush\u00ebllimet e tin p\u00ebr familjen e pun\u00ebtorit q\u00eb vdiq mbr\u00ebm\u00eb si pasoj e l\u00ebndimit n\u00eb vendin e pun\u00ebs. Nik\u00e7i ka apeluar tek t\u00eb gjitha kompanit\u00eb, sidomos tek ato t\u00eb sektorit t\u00eb ndertimtaris\u00eb, q\u00eb ta respektojn\u00eb Ligjin p\u00ebr Siguri dhe Sh\u00ebndet n\u00eb Pun\u00eb, teksa ka apeluar tek t\u00eb gjith\u00eb pun\u00ebtor\u00ebt q\u00eb t\u00eb raportojn\u00eb n\u00eb Inspektoratin Qendror t\u00eb&#8230;<\/p>\n<p><a href=\"https:\/\/ekonomiaonline.com\/vdekja-e-punetorit-ne-vendin-e-punes-nikci-apelon-tek-kompanite-ta-respektojne-ligjin-e-punetoret-ti-raportojne-parregullesite\/\" rel=\"nofollow\">Source<\/a><\/p>\n","protected":false},"excerpt":{"rendered":"<p>Kryeinspektori i Inspektoratit t\u00eb Pun\u00ebs, Hekuran Nik\u00e7i, ka shprehur ngush\u00ebllimet e tin p\u00ebr familjen e pun\u00ebtorit q\u00eb vdiq mbr\u00ebm\u00eb si pasoj e l\u00ebndimit n\u00eb vendin e pun\u00ebs. Nik\u00e7i ka apeluar tek t\u00eb gjitha kompanit\u00eb, sidomos tek ato t\u00eb sektorit t\u00eb ndertimtaris\u00eb, q\u00eb ta respektojn\u00eb Ligjin p\u00ebr Siguri dhe Sh\u00ebndet n\u00eb Pun\u00eb, teksa ka apeluar tek [&hellip;]<\/p>\n","protected":false},"author":1,"featured_media":5871,"comment_status":"open","ping_status":"open","sticky":false,"template":"","format":"standard","meta":{"footnotes":""},"categories":[19],"tags":[],"class_list":["post-5870","post","type-post","status-publish","format-standard","has-post-thumbnail","hentry","category-eko"],"_links":{"self":[{"href":"https:\/\/radiogjilani.com\/index.php\/wp-json\/wp\/v2\/posts\/5870","targetHints":{"allow":["GET"]}}],"collection":[{"href":"https:\/\/radiogjilani.com\/index.php\/wp-json\/wp\/v2\/posts"}],"about":[{"href":"https:\/\/radiogjilani.com\/index.php\/wp-json\/wp\/v2\/types\/post"}],"author":[{"embeddable":true,"href":"https:\/\/radiogjilani.com\/index.php\/wp-json\/wp\/v2\/users\/1"}],"replies":[{"embeddable":true,"href":"https:\/\/radiogjilani.com\/index.php\/wp-json\/wp\/v2\/comments?post=5870"}],"version-history":[{"count":0,"href":"https:\/\/radiogjilani.com\/index.php\/wp-json\/wp\/v2\/posts\/5870\/revisions"}],"wp:featuredmedia":[{"embeddable":true,"href":"https:\/\/radiogjilani.com\/index.php\/wp-json\/wp\/v2\/media\/5871"}],"wp:attachment":[{"href":"https:\/\/radiogjilani.com\/index.php\/wp-json\/wp\/v2\/media?parent=5870"}],"wp:term":[{"taxonomy":"category","embeddable":true,"href":"https:\/\/radiogjilani.com\/index.php\/wp-json\/wp\/v2\/categories?post=5870"},{"taxonomy":"post_tag","embeddable":true,"href":"https:\/\/radiogjilani.com\/index.php\/wp-json\/wp\/v2\/tags?post=5870"}],"curies":[{"name":"wp","href":"https:\/\/api.w.org\/{rel}","templated":true}]}}