{"id":5878,"date":"2024-07-04T23:20:29","date_gmt":"2024-07-04T23:20:29","guid":{"rendered":"https:\/\/radiogjilani.com\/index.php\/2024\/07\/04\/szunyog-uron-zogajn-per-rizgjedhjen-ne-krye-te-kgjk-se-be-ja-do-te-vazhdoje-te-mbeshtese-sundimin-e-ligjit\/"},"modified":"2024-07-04T23:20:29","modified_gmt":"2024-07-04T23:20:29","slug":"szunyog-uron-zogajn-per-rizgjedhjen-ne-krye-te-kgjk-se-be-ja-do-te-vazhdoje-te-mbeshtese-sundimin-e-ligjit","status":"publish","type":"post","link":"https:\/\/radiogjilani.com\/index.php\/2024\/07\/04\/szunyog-uron-zogajn-per-rizgjedhjen-ne-krye-te-kgjk-se-be-ja-do-te-vazhdoje-te-mbeshtese-sundimin-e-ligjit\/","title":{"rendered":"Szunyog uron Zogajn p\u00ebr rizgjedhjen n\u00eb krye t\u00eb KGjK-s\u00eb: BE-ja do t\u00eb vazhdoj\u00eb t\u00eb mb\u00ebshtes\u00eb sundimin e ligjit"},"content":{"rendered":"<p>Me 10 vota p\u00ebr dhe 1 abstenim, an\u00ebtar\u00ebt e K\u00ebshillit Gjyq\u00ebsor t\u00eb Kosov\u00ebs (KGjK) sot e kan\u00eb rizgjedhur Albert Zogajn p\u00ebr kryesues t\u00eb k\u00ebtij institucioni. Ambasadori i Zyr\u00ebs s\u00eb BE-s\u00eb n\u00eb Kosov\u00eb, Tomas Szunyog, e ka uruar Zogajn p\u00ebr pozit\u00ebn e re, duke th\u00ebn\u00eb se do t\u00eb vazhdojn\u00eb bashk\u00ebpunimin. \u201cUrime Albert Zogajt p\u00ebr rizgjedhjen n\u00eb krye t\u00eb K\u00ebshillit Gjyq\u00ebsor t\u00eb Kosov\u00ebs\u201d. \u201cBE-ja do t\u00eb vazhdoj\u00eb t\u00eb mb\u00ebshtes\u00eb&#8230;<\/p>\n<p><a href=\"https:\/\/ekonomiaonline.com\/szunyog-uron-zogajn-per-rizgjedhjen-ne-krye-te-kgjk-se-be-ja-do-te-vazhdoje-te-mbeshtese-sundimin-e-ligjit\/\" rel=\"nofollow\">Source<\/a><\/p>\n","protected":false},"excerpt":{"rendered":"<p>Me 10 vota p\u00ebr dhe 1 abstenim, an\u00ebtar\u00ebt e K\u00ebshillit Gjyq\u00ebsor t\u00eb Kosov\u00ebs (KGjK) sot e kan\u00eb rizgjedhur Albert Zogajn p\u00ebr kryesues t\u00eb k\u00ebtij institucioni. Ambasadori i Zyr\u00ebs s\u00eb BE-s\u00eb n\u00eb Kosov\u00eb, Tomas Szunyog, e ka uruar Zogajn p\u00ebr pozit\u00ebn e re, duke th\u00ebn\u00eb se do t\u00eb vazhdojn\u00eb bashk\u00ebpunimin. \u201cUrime Albert Zogajt p\u00ebr rizgjedhjen n\u00eb [&hellip;]<\/p>\n","protected":false},"author":1,"featured_media":5879,"comment_status":"open","ping_status":"open","sticky":false,"template":"","format":"standard","meta":{"footnotes":""},"categories":[19],"tags":[],"class_list":["post-5878","post","type-post","status-publish","format-standard","has-post-thumbnail","hentry","category-eko"],"_links":{"self":[{"href":"https:\/\/radiogjilani.com\/index.php\/wp-json\/wp\/v2\/posts\/5878","targetHints":{"allow":["GET"]}}],"collection":[{"href":"https:\/\/radiogjilani.com\/index.php\/wp-json\/wp\/v2\/posts"}],"about":[{"href":"https:\/\/radiogjilani.com\/index.php\/wp-json\/wp\/v2\/types\/post"}],"author":[{"embeddable":true,"href":"https:\/\/radiogjilani.com\/index.php\/wp-json\/wp\/v2\/users\/1"}],"replies":[{"embeddable":true,"href":"https:\/\/radiogjilani.com\/index.php\/wp-json\/wp\/v2\/comments?post=5878"}],"version-history":[{"count":0,"href":"https:\/\/radiogjilani.com\/index.php\/wp-json\/wp\/v2\/posts\/5878\/revisions"}],"wp:featuredmedia":[{"embeddable":true,"href":"https:\/\/radiogjilani.com\/index.php\/wp-json\/wp\/v2\/media\/5879"}],"wp:attachment":[{"href":"https:\/\/radiogjilani.com\/index.php\/wp-json\/wp\/v2\/media?parent=5878"}],"wp:term":[{"taxonomy":"category","embeddable":true,"href":"https:\/\/radiogjilani.com\/index.php\/wp-json\/wp\/v2\/categories?post=5878"},{"taxonomy":"post_tag","embeddable":true,"href":"https:\/\/radiogjilani.com\/index.php\/wp-json\/wp\/v2\/tags?post=5878"}],"curies":[{"name":"wp","href":"https:\/\/api.w.org\/{rel}","templated":true}]}}