{"id":5896,"date":"2024-07-04T23:21:05","date_gmt":"2024-07-04T23:21:05","guid":{"rendered":"https:\/\/radiogjilani.com\/index.php\/2024\/07\/04\/balla-falenderon-shba-te-per-luften-ndaj-korrupsionit-opozita-duhet-te-clirohet-nga-non-grata\/"},"modified":"2024-07-04T23:21:05","modified_gmt":"2024-07-04T23:21:05","slug":"balla-falenderon-shba-te-per-luften-ndaj-korrupsionit-opozita-duhet-te-clirohet-nga-non-grata","status":"publish","type":"post","link":"https:\/\/radiogjilani.com\/index.php\/2024\/07\/04\/balla-falenderon-shba-te-per-luften-ndaj-korrupsionit-opozita-duhet-te-clirohet-nga-non-grata\/","title":{"rendered":"Balla fal\u00ebnderon SHBA-t\u00eb p\u00ebr luft\u00ebn ndaj korrupsionit: Opozita duhet t\u00eb \u00e7lirohet nga \u2018non-grata\u2019"},"content":{"rendered":"<p>Ministri i Brendsh\u00ebm, Taulant Balla, shprehu fal\u00ebnderime p\u00ebr kontributin e dh\u00ebn\u00eb nga Shtetet e Bashkuara, n\u00eb nd\u00ebrtimin e nj\u00eb sistemi t\u00eb ri drejt\u00ebsie dhe luft\u00ebn kund\u00ebr korrupsionit.<\/p>\n<p>N\u00eb fjal\u00ebn e mbajtur n\u00eb Kuvend, Balla ftoi opozit\u00ebn q\u00eb si akt t\u00eb par\u00eb politik, t\u00eb b\u00ebj\u00eb diferencimin nga <em>non gratat<\/em>, duke iu referuar kreut t\u00eb Partis\u00eb Demokratike, Sali Berisha.<\/p>\n<p>\u201cPersonat q\u00eb jan\u00eb p\u00ebrfshir\u00eb n\u00eb korrupsion t\u00eb lart\u00eb nuk duhet t\u00eb jen\u00eb pjes\u00eb e k\u00ebtij Kuvendi dhe pjes\u00eb e politik\u00ebs n\u00eb t\u00ebr\u00ebsi. \u00cbsht\u00eb e papranueshme q\u00eb t\u00eb kemi persona <em>non grata<\/em> nga SHBA-t\u00eb, q\u00eb jan\u00eb pjes\u00eb e politik\u00ebs\u201d, theksoi ai.<\/p>\n<p>Sipas Ball\u00ebs, ka ardhur koha q\u00eb opozita t\u00eb gjej\u00eb pak kuraj\u00eb, p\u00ebr ta ndar\u00eb veten nga <em>non gratat<\/em>.<\/p>\n<div class=\"iframe-container\"><\/div>\n<p>\u201c\u00cbsht\u00eb qesharake, gjat\u00eb gjith\u00eb dit\u00ebs ndoqa fjal\u00ebt e deputet\u00ebve, se nuk mund t\u00eb thuash se Sali Berisha qenka i d\u00ebnuar politik, se SPAK n\u00eb rastin e tij ka b\u00ebr\u00eb gabim, \u00ebsht\u00eb p\u00ebrdorur nga shumica dhe pastaj n\u00eb pjes\u00ebn tjet\u00ebr t\u00eb fjal\u00ebs, t\u00eb thuash se SPAK ka b\u00ebr\u00eb mir\u00eb me ish-minisrtin apo p\u00ebrfaq\u00ebsues t\u00eb krahut tjet\u00ebr t\u00eb sall\u00ebs. Ky SPAK, kur ne flisnim n\u00eb 2016 shum\u00eb prej jush qeshnin. Por ne e dinim prej dit\u00ebs s\u00eb par\u00eb se nj\u00eb struktur\u00eb e posa\u00e7me, e cila t\u00eb luftoj\u00eb korrupsionin dhe krimin e organizuar duhet ngritur dhe u ngrit. Ju erdh\u00ebt me pahir nga \u00e7adra, nga bojkoti, p\u00ebr t\u00eb votuar ndryshimet kushtetuese. Prej atij momenti, ajo q\u00eb quhet PD, i ka sabotuar t\u00eb gjitha ligjet q\u00eb lidhen me implementimin e plot\u00eb t\u00eb paket\u00ebs se madhe t\u00eb reform\u00ebs n\u00eb drejt\u00ebsi\u201d, shtoi.<\/p>\n<p>P\u00ebr Ball\u00ebn, nga ana e SPAK, drejt\u00ebsia \u00ebsht\u00eb e nj\u00ebjta si p\u00ebr Sali Berish\u00ebn, si p\u00ebr k\u00ebdo tjet\u00ebr n\u00eb k\u00ebt\u00eb vend.<\/p>\n<p>\u201cN\u00ebse ju do vijoni t\u00eb thoni se p\u00ebr Saliun \u00ebsht\u00eb \u201cskrap\u201d dhe p\u00ebr kund\u00ebrshtarin politik p\u00ebrball\u00eb \u00ebsht\u00eb SPAK, shanset q\u00eb t\u2019ju besoj\u00eb njeri n\u00eb k\u00ebt\u00eb sall\u00eb jan\u00eb zero\u201d, deklaroi ai.<\/p>\n<p>M\u00eb tej, ministri pati nj\u00eb apel p\u00ebr gjyq\u00ebsorin, referuar debatit publik q\u00eb ka prodhuar procedimi i mjek\u00ebve t\u00eb Onkologjiku, duke theksuar mb\u00ebshtetjen p\u00ebr bluzat e bardha q\u00eb sillen me dinjitet dhe integritet, duke b\u00ebr\u00eb ndershm\u00ebrisht detyr\u00ebn.<\/p>\n<p>\u201cShqip\u00ebria ka n\u00eb shumic\u00eb t\u00eb madhe mjek\u00eb e infermier\u00eb q\u00eb punojn\u00eb ndershm\u00ebrisht dhe q\u00eb meritojn\u00eb vler\u00ebsimin prej nesh. Por ka brenda k\u00ebtij sh\u00ebrbimi, q\u00eb tradhtojn\u00eb betimin e Hipokratit dhe bardh\u00ebsin\u00eb e uniform\u00ebs. N\u00eb rastin tek Onkologjiku, nuk ka ndodhur p\u00ebr her\u00eb t\u00eb par\u00eb, ku shefa sh\u00ebrbimesh p\u00ebr shkak t\u00eb tranzicionit nga nj\u00eb sh\u00ebrbim dhe nd\u00ebrthurja me sh\u00ebrbimin privat, b\u00ebjn\u00eb pun\u00eb edhe n\u00eb publik edhe n\u00eb privat\u201d.<\/p>\n<p>\u201cHetimi i k\u00ebsaj \u00e7\u00ebshtjeje \u00ebsht\u00eb 100 % i Policis\u00eb me Prokurorin\u00eb e Tiran\u00ebs. Ka qen\u00eb angazhimi yn\u00eb i p\u00ebrditsh\u00ebm p\u00ebr t\u00eb luftuar korrupsionin, dua t\u00eb fal\u00ebnderoj struktur\u00ebn e Krimit Ekonomik dhe Prokurorin, e po ashtu dua q\u00eb t\u2019i drejtohem sot Gjykat\u00ebs q\u00eb t\u00eb mos b\u00ebj\u00eb me k\u00ebt\u00eb dosje sikur ka b\u00ebr\u00eb her\u00eb t\u00eb tjera, por t\u2019i shkohet deri n\u00eb fund, me d\u00ebnime q\u00eb ngjarje t\u00eb tilla mos t\u00eb p\u00ebrs\u00ebriten\u201d, n\u00ebnvizoi Balla.<\/p>\n<p>N\u00eb fund, edhe nj\u00eb her\u00eb p\u00ebrs\u00ebriti apelin p\u00ebr t\u00eb djatht\u00ebt n\u00eb opozit\u00eb.<\/p>\n<p>\u201cN\u00ebse, sa jeni n\u00eb koh\u00eb, sa muaj na ndajn\u00eb nga zgjedhjet, n\u00ebse do hyni se keni huqin e keq q\u00eb dhe nuk hyni n\u00eb zgjedhje, mblidheni mendjen dhe t\u00eb ndaheni nga <em>non gratat<\/em>. Po e b\u00ebt\u00eb k\u00ebt\u00eb, ku i dihet do b\u00ebheni m\u00eb mir\u00eb se p\u00ebr t\u00eb humbur do humbni\u201d, tha ministri i Brendsh\u00ebm.<\/p>\n<p>The post <a rel=\"nofollow\" href=\"https:\/\/albanianpost.com\/balla-falenderon-shba-te-per-luften-ndaj-korrupsionit-opozita-duhet-te-clirohet-nga-non-grata\/\">Balla fal\u00ebnderon SHBA-t\u00eb p\u00ebr luft\u00ebn ndaj korrupsionit: Opozita duhet t\u00eb \u00e7lirohet nga \u2018non-grata\u2019<\/a> appeared first on <a rel=\"nofollow\" href=\"https:\/\/albanianpost.com\/\">Albanian Post<\/a>.<\/p>\n","protected":false},"excerpt":{"rendered":"<p>Ministri i Brendsh\u00ebm, Taulant Balla, shprehu fal\u00ebnderime p\u00ebr kontributin e dh\u00ebn\u00eb nga Shtetet e Bashkuara, n\u00eb nd\u00ebrtimin e nj\u00eb sistemi t\u00eb ri drejt\u00ebsie dhe luft\u00ebn kund\u00ebr korrupsionit. N\u00eb fjal\u00ebn e mbajtur n\u00eb Kuvend, Balla ftoi opozit\u00ebn q\u00eb si akt t\u00eb par\u00eb politik, t\u00eb b\u00ebj\u00eb diferencimin nga non gratat, duke iu referuar kreut t\u00eb Partis\u00eb Demokratike, [&hellip;]<\/p>\n","protected":false},"author":1,"featured_media":5897,"comment_status":"open","ping_status":"open","sticky":false,"template":"","format":"standard","meta":{"footnotes":""},"categories":[1],"tags":[],"class_list":["post-5896","post","type-post","status-publish","format-standard","has-post-thumbnail","hentry","category-uncategorized"],"_links":{"self":[{"href":"https:\/\/radiogjilani.com\/index.php\/wp-json\/wp\/v2\/posts\/5896","targetHints":{"allow":["GET"]}}],"collection":[{"href":"https:\/\/radiogjilani.com\/index.php\/wp-json\/wp\/v2\/posts"}],"about":[{"href":"https:\/\/radiogjilani.com\/index.php\/wp-json\/wp\/v2\/types\/post"}],"author":[{"embeddable":true,"href":"https:\/\/radiogjilani.com\/index.php\/wp-json\/wp\/v2\/users\/1"}],"replies":[{"embeddable":true,"href":"https:\/\/radiogjilani.com\/index.php\/wp-json\/wp\/v2\/comments?post=5896"}],"version-history":[{"count":0,"href":"https:\/\/radiogjilani.com\/index.php\/wp-json\/wp\/v2\/posts\/5896\/revisions"}],"wp:featuredmedia":[{"embeddable":true,"href":"https:\/\/radiogjilani.com\/index.php\/wp-json\/wp\/v2\/media\/5897"}],"wp:attachment":[{"href":"https:\/\/radiogjilani.com\/index.php\/wp-json\/wp\/v2\/media?parent=5896"}],"wp:term":[{"taxonomy":"category","embeddable":true,"href":"https:\/\/radiogjilani.com\/index.php\/wp-json\/wp\/v2\/categories?post=5896"},{"taxonomy":"post_tag","embeddable":true,"href":"https:\/\/radiogjilani.com\/index.php\/wp-json\/wp\/v2\/tags?post=5896"}],"curies":[{"name":"wp","href":"https:\/\/api.w.org\/{rel}","templated":true}]}}