{"id":5898,"date":"2024-07-04T23:21:04","date_gmt":"2024-07-04T23:21:04","guid":{"rendered":"https:\/\/radiogjilani.com\/index.php\/2024\/07\/04\/osmani-leter-bidenit-kosova-vazhdon-te-mbeshtetet-ne-rolin-ekzistencial-te-shba-ve\/"},"modified":"2024-07-04T23:21:04","modified_gmt":"2024-07-04T23:21:04","slug":"osmani-leter-bidenit-kosova-vazhdon-te-mbeshtetet-ne-rolin-ekzistencial-te-shba-ve","status":"publish","type":"post","link":"https:\/\/radiogjilani.com\/index.php\/2024\/07\/04\/osmani-leter-bidenit-kosova-vazhdon-te-mbeshtetet-ne-rolin-ekzistencial-te-shba-ve\/","title":{"rendered":"Osmani let\u00ebr Bidenit: Kosova vazhdon t\u00eb mb\u00ebshtetet n\u00eb rolin ekzistencial t\u00eb SHBA-ve"},"content":{"rendered":"<p>Presidentja e Kosov\u00ebs, Vjosa Osmani-Sadriu, n\u00eb nj\u00eb let\u00ebr drejtuar presidentit amerikan, Joe Biden, p\u00ebr nder t\u00eb 248-vjetorit t\u00eb pavar\u00ebsis\u00eb s\u00eb Shteteve t\u00eb Bashkuara t\u00eb Amerik\u00ebs (SHBA), ka th\u00ebn\u00eb se Kosova vazhdon t\u00eb mb\u00ebshtetet n\u00eb rolin ekzistencial t\u00eb SHBA-ve n\u00eb mbrojtjen dhe promovimin e vlerave q\u00eb lidhin s\u00eb bashku t\u00eb dy kombet dhe demokracit\u00eb n\u00eb mbar\u00eb bot\u00ebn.<\/p>\n<p>Ajo ka p\u00ebrmendur edhe rolin e SHBA-s\u00eb n\u00eb p\u00ebrgjith\u00ebsi dhe Bidenit n\u00eb ve\u00e7anti n\u00eb \u00e7lirimin e Kosov\u00ebs 25 vjet m\u00eb par\u00eb: \u201cAngazhimi juaj, personal dhe komb\u00ebtar, ka qen\u00eb qendror n\u00eb rrug\u00ebtimin ton\u00eb drejt arritjes s\u00eb pavar\u00ebsis\u00eb, konsolidimit t\u00eb demokracis\u00eb, forcimit t\u00eb aft\u00ebsive mbrojt\u00ebse dhe ekonomis\u00eb, si dhe p\u00ebrmir\u00ebsimit t\u00eb vazhduesh\u00ebm t\u00eb pozit\u00ebs son\u00eb nd\u00ebrkomb\u00ebtare\u201d.<\/p>\n<p>\u201cSot, ne q\u00ebndrojm\u00eb pran\u00eb jush n\u00eb nderim t\u00eb vizionit dhe guximit t\u00eb atyre q\u00eb pat\u00ebn kurajon t\u00eb shpallin lindjen e nj\u00eb kombi mbi themelet e s\u00eb drejt\u00ebs p\u00ebr jet\u00ebn, lirin\u00eb dhe k\u00ebrkimin e lumturis\u00eb\u2026 Qoft\u00eb kjo dit\u00eb nj\u00eb dit\u00eb reflektimi dhe vler\u00ebsimi p\u00ebr t\u00eb kaluar\u00ebn e p\u00ebr t\u00eb tashmen, dhe nj\u00eb dit\u00eb p\u00ebr rip\u00ebrt\u00ebritjen e angazhimit p\u00ebr t\u00eb ardhmen\u201d, ka shkruar mes tjerash Osmani.<\/p>\n<p>Dita e Pavar\u00ebsis\u00eb s\u00eb SHBA-s\u00eb n\u00eb Kosov\u00eb sh\u00ebnohet \u00e7do vit n\u00eb shenj\u00eb fal\u00ebnderimi p\u00ebr mb\u00ebshtetjen e pal\u00ebkunduar amerikane ndaj aspiratave t\u00eb Kosov\u00ebs p\u00ebr liri. Dita e Pavar\u00ebsis\u00eb s\u00eb SHBA-s\u00eb p\u00ebrkujton 4 korrikun 1776, kur et\u00ebrit themelues miratuan Deklarat\u00ebn e Pavar\u00ebsis\u00eb, nj\u00eb dokument p\u00ebrmes s\u00eb cilit kolonit\u00eb amerikane njoftuan shk\u00ebputjen nga Britania e Madhe.<\/p>\n<div class=\"iframe-container\"><\/div>\n<blockquote class=\"twitter-tweet\">\n<p dir=\"ltr\" lang=\"en\">The U.S. contribution to the freedom of Kosovo is the most genuine embodiment of the words of Martin Luther King: \u201cInjustice anywhere is a threat to justice everywhere.\u201d<\/p>\n<p>We owe a debt of gratitude to every American leader\u2014across party lines\u2014who has stood, and continues to stand,\u2026 <a href=\"https:\/\/t.co\/maw0Mgr3nz\">pic.twitter.com\/maw0Mgr3nz<\/a><\/p>\n<p>\u2014 Vjosa Osmani (@VjosaOsmaniPRKS) <a href=\"https:\/\/twitter.com\/VjosaOsmaniPRKS\/status\/1808938565554090285?ref_src=twsrc%5Etfw\">July 4, 2024<\/a><\/p>\n<\/blockquote>\n<p>The post <a rel=\"nofollow\" href=\"https:\/\/albanianpost.com\/osmani-leter-bidenit-kosova-vazhdon-te-mbeshtetet-ne-rolin-ekzistencial-te-shba-ve\/\">Osmani let\u00ebr Bidenit: Kosova vazhdon t\u00eb mb\u00ebshtetet n\u00eb rolin ekzistencial t\u00eb SHBA-ve<\/a> appeared first on <a rel=\"nofollow\" href=\"https:\/\/albanianpost.com\/\">Albanian Post<\/a>.<\/p>\n","protected":false},"excerpt":{"rendered":"<p>Presidentja e Kosov\u00ebs, Vjosa Osmani-Sadriu, n\u00eb nj\u00eb let\u00ebr drejtuar presidentit amerikan, Joe Biden, p\u00ebr nder t\u00eb 248-vjetorit t\u00eb pavar\u00ebsis\u00eb s\u00eb Shteteve t\u00eb Bashkuara t\u00eb Amerik\u00ebs (SHBA), ka th\u00ebn\u00eb se Kosova vazhdon t\u00eb mb\u00ebshtetet n\u00eb rolin ekzistencial t\u00eb SHBA-ve n\u00eb mbrojtjen dhe promovimin e vlerave q\u00eb lidhin s\u00eb bashku t\u00eb dy kombet dhe demokracit\u00eb n\u00eb mbar\u00eb [&hellip;]<\/p>\n","protected":false},"author":1,"featured_media":5899,"comment_status":"open","ping_status":"open","sticky":false,"template":"","format":"standard","meta":{"footnotes":""},"categories":[1],"tags":[],"class_list":["post-5898","post","type-post","status-publish","format-standard","has-post-thumbnail","hentry","category-uncategorized"],"_links":{"self":[{"href":"https:\/\/radiogjilani.com\/index.php\/wp-json\/wp\/v2\/posts\/5898","targetHints":{"allow":["GET"]}}],"collection":[{"href":"https:\/\/radiogjilani.com\/index.php\/wp-json\/wp\/v2\/posts"}],"about":[{"href":"https:\/\/radiogjilani.com\/index.php\/wp-json\/wp\/v2\/types\/post"}],"author":[{"embeddable":true,"href":"https:\/\/radiogjilani.com\/index.php\/wp-json\/wp\/v2\/users\/1"}],"replies":[{"embeddable":true,"href":"https:\/\/radiogjilani.com\/index.php\/wp-json\/wp\/v2\/comments?post=5898"}],"version-history":[{"count":0,"href":"https:\/\/radiogjilani.com\/index.php\/wp-json\/wp\/v2\/posts\/5898\/revisions"}],"wp:featuredmedia":[{"embeddable":true,"href":"https:\/\/radiogjilani.com\/index.php\/wp-json\/wp\/v2\/media\/5899"}],"wp:attachment":[{"href":"https:\/\/radiogjilani.com\/index.php\/wp-json\/wp\/v2\/media?parent=5898"}],"wp:term":[{"taxonomy":"category","embeddable":true,"href":"https:\/\/radiogjilani.com\/index.php\/wp-json\/wp\/v2\/categories?post=5898"},{"taxonomy":"post_tag","embeddable":true,"href":"https:\/\/radiogjilani.com\/index.php\/wp-json\/wp\/v2\/tags?post=5898"}],"curies":[{"name":"wp","href":"https:\/\/api.w.org\/{rel}","templated":true}]}}