{"id":5946,"date":"2024-07-05T23:22:16","date_gmt":"2024-07-05T23:22:16","guid":{"rendered":"https:\/\/radiogjilani.com\/index.php\/2024\/07\/05\/bashkatdhetaret-nga-zvicra-per-ne-kosove-udhetojne-vetem-me-sharr-travel\/"},"modified":"2024-07-05T23:22:16","modified_gmt":"2024-07-05T23:22:16","slug":"bashkatdhetaret-nga-zvicra-per-ne-kosove-udhetojne-vetem-me-sharr-travel","status":"publish","type":"post","link":"https:\/\/radiogjilani.com\/index.php\/2024\/07\/05\/bashkatdhetaret-nga-zvicra-per-ne-kosove-udhetojne-vetem-me-sharr-travel\/","title":{"rendered":"Bashkatdhetar\u00ebt nga Zvicra p\u00ebr n\u00eb Kosov\u00eb udh\u00ebtojn\u00eb vet\u00ebm m\u00eb Sharr Travel"},"content":{"rendered":"<p>Bashkimi \u00ebsht\u00eb nj\u00ebri prej shum\u00eb bashkatdhetar\u00ebve q\u00eb jetojn\u00eb e punon n\u00eb Zvic\u00ebr. Ashtu sikurse edhe viteve t\u00eb kaluara p\u00ebr t\u00eb ardhur p\u00ebr pushime n\u00eb vendlindje ai k\u00ebt\u00eb ia beson vet\u00ebm kompanis\u00eb me t\u00eb madhe turistike n\u00eb vend \u201cSharr Travel\u201d. \u201cSi krejt bashkatdhetar\u00ebt edhe un\u00eb udh\u00ebtoj\u00eb n\u00eb vazhdim\u00ebsi me kompanis\u00eb Sharr Travel. Jan\u00eb shum\u00eb t\u00eb lir\u00eb, jan\u00eb shum\u00eb t\u00eb p\u00ebrgjegjsh\u00ebm, kan\u00eb autobus\u00ebt super komod.<\/p>\n<p><a href=\"https:\/\/ekonomiaonline.com\/bashkatdhetaret-nga-zvicra-per-ne-kosove-udhetojne-vetem-me-sharr-travel\/\" rel=\"nofollow\">Source<\/a><\/p>\n","protected":false},"excerpt":{"rendered":"<p>Bashkimi \u00ebsht\u00eb nj\u00ebri prej shum\u00eb bashkatdhetar\u00ebve q\u00eb jetojn\u00eb e punon n\u00eb Zvic\u00ebr. Ashtu sikurse edhe viteve t\u00eb kaluara p\u00ebr t\u00eb ardhur p\u00ebr pushime n\u00eb vendlindje ai k\u00ebt\u00eb ia beson vet\u00ebm kompanis\u00eb me t\u00eb madhe turistike n\u00eb vend \u201cSharr Travel\u201d. \u201cSi krejt bashkatdhetar\u00ebt edhe un\u00eb udh\u00ebtoj\u00eb n\u00eb vazhdim\u00ebsi me kompanis\u00eb Sharr Travel. Jan\u00eb shum\u00eb t\u00eb lir\u00eb, [&hellip;]<\/p>\n","protected":false},"author":1,"featured_media":5947,"comment_status":"open","ping_status":"open","sticky":false,"template":"","format":"standard","meta":{"footnotes":""},"categories":[19],"tags":[],"class_list":["post-5946","post","type-post","status-publish","format-standard","has-post-thumbnail","hentry","category-eko"],"_links":{"self":[{"href":"https:\/\/radiogjilani.com\/index.php\/wp-json\/wp\/v2\/posts\/5946","targetHints":{"allow":["GET"]}}],"collection":[{"href":"https:\/\/radiogjilani.com\/index.php\/wp-json\/wp\/v2\/posts"}],"about":[{"href":"https:\/\/radiogjilani.com\/index.php\/wp-json\/wp\/v2\/types\/post"}],"author":[{"embeddable":true,"href":"https:\/\/radiogjilani.com\/index.php\/wp-json\/wp\/v2\/users\/1"}],"replies":[{"embeddable":true,"href":"https:\/\/radiogjilani.com\/index.php\/wp-json\/wp\/v2\/comments?post=5946"}],"version-history":[{"count":0,"href":"https:\/\/radiogjilani.com\/index.php\/wp-json\/wp\/v2\/posts\/5946\/revisions"}],"wp:featuredmedia":[{"embeddable":true,"href":"https:\/\/radiogjilani.com\/index.php\/wp-json\/wp\/v2\/media\/5947"}],"wp:attachment":[{"href":"https:\/\/radiogjilani.com\/index.php\/wp-json\/wp\/v2\/media?parent=5946"}],"wp:term":[{"taxonomy":"category","embeddable":true,"href":"https:\/\/radiogjilani.com\/index.php\/wp-json\/wp\/v2\/categories?post=5946"},{"taxonomy":"post_tag","embeddable":true,"href":"https:\/\/radiogjilani.com\/index.php\/wp-json\/wp\/v2\/tags?post=5946"}],"curies":[{"name":"wp","href":"https:\/\/api.w.org\/{rel}","templated":true}]}}