{"id":5958,"date":"2024-07-05T23:23:06","date_gmt":"2024-07-05T23:23:06","guid":{"rendered":"https:\/\/radiogjilani.com\/index.php\/2024\/07\/05\/pedri-humbet-pjesen-e-mbetur-te-euro-2024\/"},"modified":"2024-07-05T23:23:06","modified_gmt":"2024-07-05T23:23:06","slug":"pedri-humbet-pjesen-e-mbetur-te-euro-2024","status":"publish","type":"post","link":"https:\/\/radiogjilani.com\/index.php\/2024\/07\/05\/pedri-humbet-pjesen-e-mbetur-te-euro-2024\/","title":{"rendered":"Pedri humbet pjes\u00ebn e mbetur t\u00eb Euro 2024"},"content":{"rendered":"<p>Nj\u00eb p\u00ebrdit\u00ebsim i madh p\u00ebr gjendjen e Pedri-t \u00ebsht\u00eb l\u00ebshuar pasi ai u d\u00ebmtua nga nj\u00eb duel me Toni Kroos.<\/p>\n<p>T\u00eb premten Spanja dhe Gjermania u takuan n\u00eb nj\u00eb p\u00ebrplasje \u00e7erekfinale n\u00eb Euro 2024, por Spanja humbi nj\u00eb nga lojtar\u00ebt e saj kryesor\u00eb pas m\u00eb pak se 10 minutash.<\/p>\n<p>Pedri u faullua nga mesfushori gjerman Kroos m\u00eb pak se kat\u00ebr minuta pas fillimit t\u00eb ndeshjes. Pavar\u00ebsisht se e kapi spanjollin n\u00eb gju, Kroos nuk u nd\u00ebshkua nga gjyqtari Anthony Taylor.<\/p>\n<p>Fillimisht ai vazhdoi, por pak minuta m\u00eb von\u00eb u desh t\u00eb z\u00ebvend\u00ebsohej. 21-vje\u00e7ari ishte gati p\u00ebr t\u00eb qar\u00eb kur u largua nga fusha dhe duhej t\u00eb ngush\u00ebllohej nga shok\u00ebt e skuadr\u00ebs.<\/p>\n<div class=\"iframe-container\"><\/div>\n<p>Gazetari spanjoll, Alfredo Martinez ofroi nj\u00eb p\u00ebrdit\u00ebsim t\u00eb madh p\u00ebr gjendjen e Pedr-it.<\/p>\n<p>\u201cPedri p\u00ebsoi nj\u00eb ndrydhje t\u00eb brendshme an\u00ebsore t\u00eb gjurit t\u00eb tij t\u00eb majt\u00eb. Do t\u00eb kryhen m\u00eb shum\u00eb teste p\u00ebr t\u00eb p\u00ebrjashtuar d\u00ebmtimet shoq\u00ebruese. Euro ka p\u00ebrfunduar (p\u00ebr Pedri-n)\u201d, tha gazetari spanjoll.<\/p>\n<p>\u00cbsht\u00eb e drejt\u00eb t\u00eb thuhet se tifoz\u00ebt spanjoll\u00eb nuk ishin t\u00eb k\u00ebnaqur me ish-yllin e Real Madrid-it, Kroos, i cili do t\u00eb t\u00ebrhiqet pas turneut.<\/p>\n<p>Spanja u t\u00ebrbua m\u00eb tej kur Kroos i shp\u00ebtoi s\u00ebrish nj\u00eb kartoni t\u00eb verdh\u00eb kur e kapi 16-vje\u00e7arin Lamine Yamal n\u00eb maj\u00eb t\u00eb k\u00ebmb\u00ebs.<\/p>\n<p>Pavar\u00ebsisht se e humbi Pedri-n aq her\u00ebt, Spanja kaloi 2-1 Gjermanin\u00eb pas 120 minutave loj\u00eb dhe siguroi vendin n\u00eb gjysm\u00ebfinale.<\/p>\n<p>The post <a rel=\"nofollow\" href=\"https:\/\/albanianpost.com\/pedri-humbet-pjesen-e-mbetur-te-euro-2024\/\">Pedri humbet pjes\u00ebn e mbetur t\u00eb Euro 2024<\/a> appeared first on <a rel=\"nofollow\" href=\"https:\/\/albanianpost.com\/\">Albanian Post<\/a>.<\/p>\n","protected":false},"excerpt":{"rendered":"<p>Nj\u00eb p\u00ebrdit\u00ebsim i madh p\u00ebr gjendjen e Pedri-t \u00ebsht\u00eb l\u00ebshuar pasi ai u d\u00ebmtua nga nj\u00eb duel me Toni Kroos. T\u00eb premten Spanja dhe Gjermania u takuan n\u00eb nj\u00eb p\u00ebrplasje \u00e7erekfinale n\u00eb Euro 2024, por Spanja humbi nj\u00eb nga lojtar\u00ebt e saj kryesor\u00eb pas m\u00eb pak se 10 minutash. Pedri u faullua nga mesfushori gjerman [&hellip;]<\/p>\n","protected":false},"author":1,"featured_media":5959,"comment_status":"open","ping_status":"open","sticky":false,"template":"","format":"standard","meta":{"footnotes":""},"categories":[1],"tags":[],"class_list":["post-5958","post","type-post","status-publish","format-standard","has-post-thumbnail","hentry","category-uncategorized"],"_links":{"self":[{"href":"https:\/\/radiogjilani.com\/index.php\/wp-json\/wp\/v2\/posts\/5958","targetHints":{"allow":["GET"]}}],"collection":[{"href":"https:\/\/radiogjilani.com\/index.php\/wp-json\/wp\/v2\/posts"}],"about":[{"href":"https:\/\/radiogjilani.com\/index.php\/wp-json\/wp\/v2\/types\/post"}],"author":[{"embeddable":true,"href":"https:\/\/radiogjilani.com\/index.php\/wp-json\/wp\/v2\/users\/1"}],"replies":[{"embeddable":true,"href":"https:\/\/radiogjilani.com\/index.php\/wp-json\/wp\/v2\/comments?post=5958"}],"version-history":[{"count":0,"href":"https:\/\/radiogjilani.com\/index.php\/wp-json\/wp\/v2\/posts\/5958\/revisions"}],"wp:featuredmedia":[{"embeddable":true,"href":"https:\/\/radiogjilani.com\/index.php\/wp-json\/wp\/v2\/media\/5959"}],"wp:attachment":[{"href":"https:\/\/radiogjilani.com\/index.php\/wp-json\/wp\/v2\/media?parent=5958"}],"wp:term":[{"taxonomy":"category","embeddable":true,"href":"https:\/\/radiogjilani.com\/index.php\/wp-json\/wp\/v2\/categories?post=5958"},{"taxonomy":"post_tag","embeddable":true,"href":"https:\/\/radiogjilani.com\/index.php\/wp-json\/wp\/v2\/tags?post=5958"}],"curies":[{"name":"wp","href":"https:\/\/api.w.org\/{rel}","templated":true}]}}