{"id":5966,"date":"2024-07-05T23:23:02","date_gmt":"2024-07-05T23:23:02","guid":{"rendered":"https:\/\/radiogjilani.com\/index.php\/2024\/07\/05\/selmanaj-kurtit-nga-pozita-e-kryeministrit-po-turperohesh-per-qendrimet-e-dikurshme\/"},"modified":"2024-07-05T23:23:02","modified_gmt":"2024-07-05T23:23:02","slug":"selmanaj-kurtit-nga-pozita-e-kryeministrit-po-turperohesh-per-qendrimet-e-dikurshme","status":"publish","type":"post","link":"https:\/\/radiogjilani.com\/index.php\/2024\/07\/05\/selmanaj-kurtit-nga-pozita-e-kryeministrit-po-turperohesh-per-qendrimet-e-dikurshme\/","title":{"rendered":"Selmanaj, Kurtit: Nga pozita e kryeministrit, po turp\u00ebrohesh p\u00ebr q\u00ebndrimet e dikurshme"},"content":{"rendered":"<p>Deputeti i Lidhjes Demokratike t\u00eb Kosov\u00ebs, Driton Selmanaj, ka reaguar ndaj opinionit t\u00eb kryeministrit Albin Kurti, t\u00eb botuar n\u00eb prestigjiozen amerikane,\u00a0<a href=\"https:\/\/www.nytimes.com\/2024\/07\/05\/opinion\/kosovo-nato-independence-democracy-serbia.html\"><strong>\u201cThe New York Times\u201d<\/strong><\/a>.<\/p>\n<p>Selmanaj, ka th\u00ebn\u00eb se n\u00eb t\u00eb kaluar\u00ebn nd\u00ebrkomb\u00ebtar\u00ebt ishin armiqt\u00eb m\u00eb t\u00eb m\u00ebdhenj p\u00ebr Kurtin.<\/p>\n<p>\u201cA mund t\u00eb besoni q\u00eb personi q\u00eb e ka shkruar k\u00ebt\u00eb opinion, disa vite m\u00eb par\u00eb kur ishte n\u00eb opozit\u00eb dhe p\u00ebr t\u00eb armik m\u00eb i madh ishte bashk\u00ebsia nd\u00ebrkomb\u00ebtare se sa Serbia, i nj\u00ebjti Albin kishte th\u00ebn\u00eb si m\u00eb posht\u00eb\u201d.<\/p>\n<p>Sipas tij, kreu i ekzekutivit tashm\u00eb \u00ebsht\u00eb i turp\u00ebruar nga deklaratat q\u00eb ka dh\u00ebn\u00eb n\u00eb t\u00eb kalur\u00ebn.<\/p>\n<div class=\"iframe-container\"><\/div>\n<p>\u201cEdhe pse tani nga kolltuku i Kryeministrit ka filluar t\u00eb ju vij\u00eb turp p\u00ebr q\u00ebndrimet e tij dhe tashm\u00eb ato komunikata i keni fshir\u00eb nga interneti, ato njolla nuk mund t\u2019i fshini nga fytyra juaj\u201d.<\/p>\n<p>Selmanaj, radhiti edhe deklaratat e Kurtit n\u00eb vitin 2010.<\/p>\n<p>\u201cAlbin Kurti 2010: \u201cNoam Chomsky ka t\u00eb drejt\u00eb kur thot\u00eb se n\u00eb rast t\u00eb paraqitjes s\u00eb kriz\u00ebs humanitare, bota e jashtme ka tri mund\u00ebsi: t\u00eb veproj\u00eb p\u00ebr ta r\u00ebnduar katastrof\u00ebn; t\u00eb mos veproj\u00eb fare; dhe t\u00eb veproj\u00eb p\u00ebr ta zbutur katastrof\u00ebn; Kosova i takon kategoris\u00eb s\u00eb par\u00eb\u201d.<\/p>\n<\/p>\n<p>\u201cAlbin Kurti 2010: \u201cP\u00ebrderisa NATO zhvillon luft\u00ebn e vet komode nga ajri, civil\u00ebt shqiptar\u00eb jan\u00eb l\u00ebn\u00eb n\u00eb m\u00ebshir\u00ebn e forcave ushtarake dhe paramilitare serbe atje posht\u00eb n\u00eb terren\u201d.<\/p>\n<p>\u201cAlbin Kurti 2010: \u201cNuk ka pasur autorizim t\u00eb OKB-s\u00eb p\u00ebr bombardimet e NATO-s, edhe pse disa konsiderojn\u00eb se me aprovimin e Rezolut\u00ebs 1244 realisht miratohen bombardimet e NATO-s\u201d.<\/p>\n<p>N\u00eb opinionin e titulluar \u201cMos dyshoni n\u00eb NATO. Ajo i shp\u00ebtoi njer\u00ebzit e mi\u201d, Kurti shtjellon fuqin\u00eb q\u00eb Aleanca Veri \u2013 Atlantike e ka n\u00eb Kosov\u00eb, n\u00eb kontekstin se pas zgjedhjeve presidenciale n\u00eb SHBA, shum\u00eb shtete evropiane jan\u00eb t\u00eb shqet\u00ebsuar se angazhimi amerikan ndaj aleanc\u00ebs do t\u00eb zbehet.<\/p>\n<p>\u201cN\u00eb vitin 1999, nj\u00eb fushat\u00eb e pam\u00ebshirshme serbe e udh\u00ebhequr nga lideri serb dhe presidenti jugosllav Slobodan Milloshevi\u00e7 solli masakra, p\u00ebrdhunime dhe d\u00ebbimin e rreth gjysm\u00ebs s\u00eb popullsis\u00eb shumic\u00eb shqiptare t\u00eb Kosov\u00ebs. Ishte nj\u00eb fatkeq\u00ebsi humanitare. Bombardimet e vazhdueshme ajrore t\u00eb NATO-s ndaj forcave dhe pozicioneve serbe i dhan\u00eb fund tmerrit. Aleanca d\u00ebrgoi gati 50 mij\u00eb trupa menj\u00ebher\u00eb m\u00eb pas\u201d, shkruan Kurti duke dh\u00ebn\u00eb nj\u00eb kontekst historik.<\/p>\n<p>NATO, shkruan Kurti, ndihmoi n\u00eb \u00e7lirimin e Kosov\u00ebs dhe ruajti paqen, nd\u00ebrsa kosovar\u00ebt \u201cnd\u00ebrtuan demokracin\u00eb p\u00ebr t\u00eb nxitur k\u00ebt\u00eb paqe nga brenda\u201d.<\/p>\n<p>\u201cNuk kishte dyshime p\u00ebr ne, duke pasur parasysh kujtimet e fresk\u00ebta t\u00eb gjenocidit n\u00eb Ruand\u00eb dhe Bosnje, se situata n\u00eb Kosov\u00eb do t\u00eb ishte p\u00ebrkeq\u00ebsuar me shpejt\u00ebsi pa NATO-n. Si kosovar, \u00ebsht\u00eb e dhimbshme edhe t\u00eb imagjinosh se sa m\u00eb keq mund t\u00eb ishte b\u00ebr\u00eb\u201d, shton Kurti.<\/p>\n<p>NATO, n\u00eb vler\u00ebsimin e Kurtit, nuk \u00ebsht\u00eb nj\u00eb entitet abstrakt q\u00eb vepron m\u00eb vete, ajo, sipas tij, k\u00ebrkon vullnet politik.<\/p>\n<blockquote class=\"wp-embedded-content\" data-secret=\"3woXlp169p\">\n<p><a href=\"https:\/\/albanianpost.com\/kurti-per-nyt-mos-dyshoni-ne-nato-ajo-i-shpetoi-njerezit-e-mi\/\">Kurti p\u00ebr NYT: Mos dyshoni n\u00eb NATO, ajo i shp\u00ebtoi njer\u00ebzit e mi<\/a><\/p>\n<\/blockquote>\n<p>The post <a rel=\"nofollow\" href=\"https:\/\/albanianpost.com\/selmanaj-kurtit-nga-pozita-e-kryeministrit-po-turperohesh-per-qendrimet-e-dikurshme\/\">Selmanaj, Kurtit: Nga pozita e kryeministrit, po turp\u00ebrohesh p\u00ebr q\u00ebndrimet e dikurshme<\/a> appeared first on <a rel=\"nofollow\" href=\"https:\/\/albanianpost.com\/\">Albanian Post<\/a>.<\/p>\n","protected":false},"excerpt":{"rendered":"<p>Deputeti i Lidhjes Demokratike t\u00eb Kosov\u00ebs, Driton Selmanaj, ka reaguar ndaj opinionit t\u00eb kryeministrit Albin Kurti, t\u00eb botuar n\u00eb prestigjiozen amerikane,\u00a0\u201cThe New York Times\u201d. Selmanaj, ka th\u00ebn\u00eb se n\u00eb t\u00eb kaluar\u00ebn nd\u00ebrkomb\u00ebtar\u00ebt ishin armiqt\u00eb m\u00eb t\u00eb m\u00ebdhenj p\u00ebr Kurtin. \u201cA mund t\u00eb besoni q\u00eb personi q\u00eb e ka shkruar k\u00ebt\u00eb opinion, disa vite m\u00eb par\u00eb [&hellip;]<\/p>\n","protected":false},"author":1,"featured_media":5967,"comment_status":"open","ping_status":"open","sticky":false,"template":"","format":"standard","meta":{"footnotes":""},"categories":[1],"tags":[],"class_list":["post-5966","post","type-post","status-publish","format-standard","has-post-thumbnail","hentry","category-uncategorized"],"_links":{"self":[{"href":"https:\/\/radiogjilani.com\/index.php\/wp-json\/wp\/v2\/posts\/5966","targetHints":{"allow":["GET"]}}],"collection":[{"href":"https:\/\/radiogjilani.com\/index.php\/wp-json\/wp\/v2\/posts"}],"about":[{"href":"https:\/\/radiogjilani.com\/index.php\/wp-json\/wp\/v2\/types\/post"}],"author":[{"embeddable":true,"href":"https:\/\/radiogjilani.com\/index.php\/wp-json\/wp\/v2\/users\/1"}],"replies":[{"embeddable":true,"href":"https:\/\/radiogjilani.com\/index.php\/wp-json\/wp\/v2\/comments?post=5966"}],"version-history":[{"count":0,"href":"https:\/\/radiogjilani.com\/index.php\/wp-json\/wp\/v2\/posts\/5966\/revisions"}],"wp:featuredmedia":[{"embeddable":true,"href":"https:\/\/radiogjilani.com\/index.php\/wp-json\/wp\/v2\/media\/5967"}],"wp:attachment":[{"href":"https:\/\/radiogjilani.com\/index.php\/wp-json\/wp\/v2\/media?parent=5966"}],"wp:term":[{"taxonomy":"category","embeddable":true,"href":"https:\/\/radiogjilani.com\/index.php\/wp-json\/wp\/v2\/categories?post=5966"},{"taxonomy":"post_tag","embeddable":true,"href":"https:\/\/radiogjilani.com\/index.php\/wp-json\/wp\/v2\/tags?post=5966"}],"curies":[{"name":"wp","href":"https:\/\/api.w.org\/{rel}","templated":true}]}}