{"id":6044,"date":"2024-07-08T00:18:32","date_gmt":"2024-07-08T00:18:32","guid":{"rendered":"https:\/\/radiogjilani.com\/index.php\/2024\/07\/08\/projeksionet-e-zgjedhjeve-ne-france-fronti-i-ri-popullor-dalin-te-paret-e-djathta-ekstreme-e-le-pen-e-treta\/"},"modified":"2024-07-08T00:18:32","modified_gmt":"2024-07-08T00:18:32","slug":"projeksionet-e-zgjedhjeve-ne-france-fronti-i-ri-popullor-dalin-te-paret-e-djathta-ekstreme-e-le-pen-e-treta","status":"publish","type":"post","link":"https:\/\/radiogjilani.com\/index.php\/2024\/07\/08\/projeksionet-e-zgjedhjeve-ne-france-fronti-i-ri-popullor-dalin-te-paret-e-djathta-ekstreme-e-le-pen-e-treta\/","title":{"rendered":"Projeksionet e zgjedhjeve n\u00eb Franc\u00eb: Fronti i ri popullor dalin t\u00eb par\u00ebt, e djathta ekstreme e Le Pen e treta"},"content":{"rendered":"<p>Tubimi Komb\u00ebtar, i udh\u00ebhequr nga Marine Le Pen, sh\u00ebnoi arritje historike n\u00eb rundin e par\u00eb t\u00eb zgjedhjeve fundjav\u00ebn e kaluar, dhe pritej q\u00eb ajo ta fitonte edhe rundin e dyt\u00eb m\u00eb 7 korrik, por kjo si duket s\u2019do t\u00eb ndodh\u00eb. Sipas projeksioneve t\u00eb para nj\u00eb koalicion i gjer\u00eb majtist \u00ebsht\u00eb duke prir\u00eb n\u00eb nj\u00eb gar\u00eb t\u00eb ngusht\u00eb n\u00eb zgjedhjet parlamentare n\u00eb Franc\u00eb t\u00eb diel\u00ebn, para aleat\u00ebve t\u00eb presidentit Emmanuel&#8230;<\/p>\n<p><a href=\"https:\/\/ekonomiaonline.com\/projeksionet-e-zgjedhjeve-ne-france-fronti-i-ri-popullor-dalin-te-paret-e-djathta-ekstreme-e-le-pen-e-treta\/\" rel=\"nofollow\">Source<\/a><\/p>\n","protected":false},"excerpt":{"rendered":"<p>Tubimi Komb\u00ebtar, i udh\u00ebhequr nga Marine Le Pen, sh\u00ebnoi arritje historike n\u00eb rundin e par\u00eb t\u00eb zgjedhjeve fundjav\u00ebn e kaluar, dhe pritej q\u00eb ajo ta fitonte edhe rundin e dyt\u00eb m\u00eb 7 korrik, por kjo si duket s\u2019do t\u00eb ndodh\u00eb. Sipas projeksioneve t\u00eb para nj\u00eb koalicion i gjer\u00eb majtist \u00ebsht\u00eb duke prir\u00eb n\u00eb nj\u00eb gar\u00eb [&hellip;]<\/p>\n","protected":false},"author":1,"featured_media":6045,"comment_status":"open","ping_status":"open","sticky":false,"template":"","format":"standard","meta":{"footnotes":""},"categories":[19],"tags":[],"class_list":["post-6044","post","type-post","status-publish","format-standard","has-post-thumbnail","hentry","category-eko"],"_links":{"self":[{"href":"https:\/\/radiogjilani.com\/index.php\/wp-json\/wp\/v2\/posts\/6044","targetHints":{"allow":["GET"]}}],"collection":[{"href":"https:\/\/radiogjilani.com\/index.php\/wp-json\/wp\/v2\/posts"}],"about":[{"href":"https:\/\/radiogjilani.com\/index.php\/wp-json\/wp\/v2\/types\/post"}],"author":[{"embeddable":true,"href":"https:\/\/radiogjilani.com\/index.php\/wp-json\/wp\/v2\/users\/1"}],"replies":[{"embeddable":true,"href":"https:\/\/radiogjilani.com\/index.php\/wp-json\/wp\/v2\/comments?post=6044"}],"version-history":[{"count":0,"href":"https:\/\/radiogjilani.com\/index.php\/wp-json\/wp\/v2\/posts\/6044\/revisions"}],"wp:featuredmedia":[{"embeddable":true,"href":"https:\/\/radiogjilani.com\/index.php\/wp-json\/wp\/v2\/media\/6045"}],"wp:attachment":[{"href":"https:\/\/radiogjilani.com\/index.php\/wp-json\/wp\/v2\/media?parent=6044"}],"wp:term":[{"taxonomy":"category","embeddable":true,"href":"https:\/\/radiogjilani.com\/index.php\/wp-json\/wp\/v2\/categories?post=6044"},{"taxonomy":"post_tag","embeddable":true,"href":"https:\/\/radiogjilani.com\/index.php\/wp-json\/wp\/v2\/tags?post=6044"}],"curies":[{"name":"wp","href":"https:\/\/api.w.org\/{rel}","templated":true}]}}