{"id":6056,"date":"2024-07-08T00:19:03","date_gmt":"2024-07-08T00:19:03","guid":{"rendered":"https:\/\/radiogjilani.com\/index.php\/2024\/07\/08\/tragjedi-ne-gjirin-e-lalezit-18-vjecari-aksidenton-per-vdekje-nje-8-vjecare-nga-sllovakia\/"},"modified":"2024-07-08T00:19:03","modified_gmt":"2024-07-08T00:19:03","slug":"tragjedi-ne-gjirin-e-lalezit-18-vjecari-aksidenton-per-vdekje-nje-8-vjecare-nga-sllovakia","status":"publish","type":"post","link":"https:\/\/radiogjilani.com\/index.php\/2024\/07\/08\/tragjedi-ne-gjirin-e-lalezit-18-vjecari-aksidenton-per-vdekje-nje-8-vjecare-nga-sllovakia\/","title":{"rendered":"Tragjedi n\u00eb Gjirin e Lal\u00ebzit \u2013 18-vje\u00e7ari aksidenton p\u00ebr vdekje nj\u00eb 8-vje\u00e7are nga Sllovakia"},"content":{"rendered":"<p>Nj\u00eb ngjarje e r\u00ebnd\u00eb ka ndodhur n\u00eb segmentin rrugor Maminas-Gjiri i Lal\u00ebzit, ku nj\u00eb 18-vje\u00e7ar ka aksidentuar p\u00ebr vdekje nj\u00eb vajz\u00eb 8-vje\u00e7are nga Sllovakia, e cila gjendej n\u00eb Shqip\u00ebri n\u00eb pushime me familjen e saj.<\/p>\n<p>Sipas nj\u00eb njoftimi zyrtar, rreth or\u00ebs 20:00, n\u00eb segmentin rrugor Maminas-Gjiri i Lal\u00ebsit, nj\u00eb automjet me drejtues shtetasin G. Gj., 18 vje\u00e7, ka p\u00ebrplasur nj\u00eb shtetase minorene S. S., 8 vje\u00e7e, nga Sllovakia. Si pasoj\u00eb e p\u00ebrplasjes\u00a0 8 vje\u00e7arja ka humbur j\u00ebt\u00ebn n\u00eb spital.<\/p>\n<p>Drejtuesi i automjetit \u00ebsht\u00eb shoq\u00ebruar n\u00eb Komisariat p\u00ebr veprime t\u00eb m\u00ebtejshme procedurale.<\/p>\n<p>\u201cGrupi hetimor ndodhet n\u00eb vendngjarje dhe n\u00ebn\u00a0 drejtimin e Prokuroris\u00eb po punon p\u00ebr sqarimin e rrethanave dhe shkakut t\u00eb aksidentit\u201d, njofton policia.<\/p>\n<div class=\"iframe-container\"><\/div>\n<p>The post <a rel=\"nofollow\" href=\"https:\/\/albanianpost.com\/tragjedi-ne-gjirin-e-lalezit-18-vjecari-aksidenton-per-vdekje-nje-8-vjecare-nga-sllovakia\/\">Tragjedi n\u00eb Gjirin e Lal\u00ebzit \u2013 18-vje\u00e7ari aksidenton p\u00ebr vdekje nj\u00eb 8-vje\u00e7are nga Sllovakia<\/a> appeared first on <a rel=\"nofollow\" href=\"https:\/\/albanianpost.com\/\">Albanian Post<\/a>.<\/p>\n","protected":false},"excerpt":{"rendered":"<p>Nj\u00eb ngjarje e r\u00ebnd\u00eb ka ndodhur n\u00eb segmentin rrugor Maminas-Gjiri i Lal\u00ebzit, ku nj\u00eb 18-vje\u00e7ar ka aksidentuar p\u00ebr vdekje nj\u00eb vajz\u00eb 8-vje\u00e7are nga Sllovakia, e cila gjendej n\u00eb Shqip\u00ebri n\u00eb pushime me familjen e saj. Sipas nj\u00eb njoftimi zyrtar, rreth or\u00ebs 20:00, n\u00eb segmentin rrugor Maminas-Gjiri i Lal\u00ebsit, nj\u00eb automjet me drejtues shtetasin G. Gj., [&hellip;]<\/p>\n","protected":false},"author":1,"featured_media":6057,"comment_status":"open","ping_status":"open","sticky":false,"template":"","format":"standard","meta":{"footnotes":""},"categories":[1],"tags":[],"class_list":["post-6056","post","type-post","status-publish","format-standard","has-post-thumbnail","hentry","category-uncategorized"],"_links":{"self":[{"href":"https:\/\/radiogjilani.com\/index.php\/wp-json\/wp\/v2\/posts\/6056","targetHints":{"allow":["GET"]}}],"collection":[{"href":"https:\/\/radiogjilani.com\/index.php\/wp-json\/wp\/v2\/posts"}],"about":[{"href":"https:\/\/radiogjilani.com\/index.php\/wp-json\/wp\/v2\/types\/post"}],"author":[{"embeddable":true,"href":"https:\/\/radiogjilani.com\/index.php\/wp-json\/wp\/v2\/users\/1"}],"replies":[{"embeddable":true,"href":"https:\/\/radiogjilani.com\/index.php\/wp-json\/wp\/v2\/comments?post=6056"}],"version-history":[{"count":0,"href":"https:\/\/radiogjilani.com\/index.php\/wp-json\/wp\/v2\/posts\/6056\/revisions"}],"wp:featuredmedia":[{"embeddable":true,"href":"https:\/\/radiogjilani.com\/index.php\/wp-json\/wp\/v2\/media\/6057"}],"wp:attachment":[{"href":"https:\/\/radiogjilani.com\/index.php\/wp-json\/wp\/v2\/media?parent=6056"}],"wp:term":[{"taxonomy":"category","embeddable":true,"href":"https:\/\/radiogjilani.com\/index.php\/wp-json\/wp\/v2\/categories?post=6056"},{"taxonomy":"post_tag","embeddable":true,"href":"https:\/\/radiogjilani.com\/index.php\/wp-json\/wp\/v2\/tags?post=6056"}],"curies":[{"name":"wp","href":"https:\/\/api.w.org\/{rel}","templated":true}]}}