{"id":6060,"date":"2024-07-08T00:19:01","date_gmt":"2024-07-08T00:19:01","guid":{"rendered":"https:\/\/radiogjilani.com\/index.php\/2024\/07\/08\/sonte-asnje-shumice-absolute-nuk-mund-te-udhehiqet-nga-ekstremet-deklaron-attal-doreheqja-e-tij-neser\/"},"modified":"2024-07-08T00:19:01","modified_gmt":"2024-07-08T00:19:01","slug":"sonte-asnje-shumice-absolute-nuk-mund-te-udhehiqet-nga-ekstremet-deklaron-attal-doreheqja-e-tij-neser","status":"publish","type":"post","link":"https:\/\/radiogjilani.com\/index.php\/2024\/07\/08\/sonte-asnje-shumice-absolute-nuk-mund-te-udhehiqet-nga-ekstremet-deklaron-attal-doreheqja-e-tij-neser\/","title":{"rendered":"\u201cSonte asnj\u00eb shumic\u00eb absolute nuk mund t\u00eb udh\u00ebhiqet nga ekstremet\u201d, deklaron Attal \u2013 Dor\u00ebheqja e tij nes\u00ebr"},"content":{"rendered":"<p>P\u00ebr kryeministrin n\u00eb detyr\u00eb t\u00eb Franc\u00ebs, Gabriel Attal, nata e sotme zgjedhore tregoi se asnj\u00eb shumic\u00eb absolute nuk mund t\u00eb udh\u00ebhiqet nga ekstremet dhe ky \u00ebsht\u00eb nj\u00eb lajm i mir\u00eb p\u00ebr t\u00eb.<\/p>\n<p>\u201cD\u00ebshiroj t\u00eb p\u00ebrg\u00ebzoj 577 deputet\u00ebt e sapozgjedhur. T\u00eb gjith\u00eb s\u00eb bashku p\u00ebrfaq\u00ebsojn\u00eb kombin ton\u00eb. Nuk e zgjodha un\u00eb k\u00ebt\u00eb shp\u00ebrb\u00ebrje, por nuk pranova t\u2019i n\u00ebnshtrohesha dhe me kandidat\u00ebt tan\u00eb s\u00eb bashku kemi vendosur t\u00eb luftojm\u00eb\u201d, tha n\u00eb fjal\u00ebn e tij pas rezultateve t\u00eb para, kreu i Qeveris\u00eb.<\/p>\n<p>\u201cSonte asnj\u00eb shumic\u00eb absolute nuk mund t\u00eb udh\u00ebhiqet nga ekstremist\u00ebt fal\u00eb vendosm\u00ebris\u00eb son\u00eb dhe forc\u00ebs s\u00eb vlerave tona, ne jemi n\u00eb k\u00ebmb\u00eb. Kemi tre her\u00eb m\u00eb shum\u00eb deputet\u00eb sesa vler\u00ebsimet n\u00eb fillim t\u00eb k\u00ebsaj fushate\u201d.<\/p>\n<p>\u201cKudo q\u00eb shkova, kisha d\u00ebshir\u00eb t\u2019ju d\u00ebgjoja. Sonte n\u00eb mbr\u00ebmje partia politike q\u00eb p\u00ebrfaq\u00ebsova n\u00eb k\u00ebt\u00eb fushat\u00eb nuk ka shumic\u00ebn, nes\u00ebr n\u00eb m\u00ebngjes do t\u2019i paraqes dor\u00ebheqjen Presidentit t\u00eb Republik\u00ebs\u201d, p\u00ebrmbylli ai.<\/p>\n<div class=\"iframe-container\"><\/div>\n<h5><strong>Rezultatet paraprake<\/strong><\/h5>\n<p>Politika do t\u00eb jet\u00eb gjithmon\u00eb nj\u00eb \u00e7\u00ebshtje surprizash dhe e paparashikueshme.<\/p>\n<p>Aleanca e majt\u00eb n\u00eb Franc\u00eb \u00ebsht\u00eb n\u00eb rrug\u00ebn e duhur p\u00ebr t\u00eb fituar shumic\u00ebn e vendeve n\u00eb nj\u00eb zgjedhje parlamentare dramatike, duke i dh\u00ebn\u00eb nj\u00eb goditje partis\u00eb s\u00eb ekstremit t\u00eb djatht\u00eb t\u00eb Marine Le Pen, sipas vler\u00ebsimeve t\u00eb hershme.<\/p>\n<p>Partia e Le Pen doli n\u00eb krye n\u00eb raundin e par\u00eb nj\u00eb jav\u00eb m\u00eb par\u00eb dhe synonte t\u00eb siguronte shumic\u00ebn e vendeve n\u00eb legjislatur\u00ebn e Franc\u00ebs p\u00ebr her\u00eb t\u00eb par\u00eb n\u00eb historin\u00eb e partis\u00eb.<\/p>\n<p>Por votimi taktik dhe bashk\u00ebpunimi midis kund\u00ebrshtar\u00ebve t\u00eb Le Pen n\u00eb nj\u00eb p\u00ebrpjekje p\u00ebr t\u00eb mbajtur partin\u00eb e saj jasht\u00eb pushtetit duket se kan\u00eb dh\u00ebn\u00eb rezultate, sugjeruan indikacionet e para nga anketuesit.<\/p>\n<p>Sipas vler\u00ebsimeve t\u00eb hershme nga instituti i sondazheve IFOP, aleanca e majt\u00eb do t\u00eb ket\u00eb midis 180 dhe 215 deputet\u00eb n\u00eb parlamentin me 577 vende, p\u00ebrpara liberal\u00ebve t\u00eb Macron me 150-180 dhe e djathta ekstreme me 120-150 vende.<\/p>\n<p>Pavar\u00ebsisht thyerjeve t\u00eb shumta t\u00eb brendshme, koalicioni i ri tani duhet t\u00eb angazhohet n\u00eb negociata intensive t\u00eb brendshme p\u00ebr t\u00eb d\u00ebrguar nj\u00eb lider, konsensual p\u00ebr t\u00eb gjitha fraksionet e tij, n\u00eb Matignon.<\/p>\n<p>E konsideruar prej koh\u00ebsh favorit n\u00eb zgjedhje, partia e kryesuar nga Jordan Bardella konsiderohet shum\u00eb larg pragut prej 289 deputet\u00ebsh t\u00eb nevojsh\u00ebm p\u00ebr t\u00eb qeverisur.<\/p>\n<p>N\u00ebse konfirmohet, do t\u00eb ishte nj\u00eb rezultat i bujsh\u00ebm dhe absolutisht befasues.<\/p>\n<p>Sipas sondazheve t\u00eb dit\u00ebve t\u00eb fundit, RN pritej t\u00eb ishte nj\u00eb hap larg shumic\u00ebs absolute (260-280 mandate).<\/p>\n<p>N\u00eb vend t\u00eb k\u00ebsaj, do t\u00eb ishte d\u00ebnuar r\u00ebnd\u00eb n\u00eb raundin e dyt\u00eb. Gjithashtu e madhe, n\u00ebse projeksionet konfirmohen, \u00ebsht\u00eb edhe ngritja e Macron.<\/p>\n<p>N\u00ebse konfirmohet n\u00eb num\u00ebrimin p\u00ebrfundimtar t\u00eb votave, parashikimet sugjerojn\u00eb se asnj\u00eb nga tre blloqet kryesore nuk do t\u00eb jet\u00eb n\u00eb gjendje t\u00eb komandoj\u00eb leht\u00ebsisht nj\u00eb shumic\u00eb qeveris\u00ebse, duke e l\u00ebn\u00eb Franc\u00ebn potencialisht n\u00eb nj\u00eb periudh\u00eb bllokimi politik.<\/p>\n<p>Pasiguria do t\u00eb ket\u00eb pasoja si p\u00ebr Franc\u00ebn ashtu edhe p\u00ebr BE-n\u00eb, duke pasur parasysh rolin e madh t\u00eb Parisit n\u00eb ndikimin e politik\u00ebs s\u00eb bashku me Gjermanin\u00eb.<\/p>\n<p>Tregjet kishin qen\u00eb t\u00eb shqet\u00ebsuar p\u00ebrpara raundit t\u00eb par\u00eb kur RN po fitonte fuqish\u00ebm, por q\u00eb at\u00ebher\u00eb jan\u00eb qet\u00ebsuar pasi nj\u00eb parlament i varur dukej m\u00eb i mundsh\u00ebm.<\/p>\n<p>N\u00eb sistemin francez, presidenti zgjedh kryeministrin, i cili zakonisht vjen nga partia me delegacionin m\u00eb t\u00eb madh n\u00eb Asamblen\u00eb Komb\u00ebtare edhe n\u00ebse ata nuk kan\u00eb nj\u00eb shumic\u00eb t\u00eb plot\u00eb.<\/p>\n<p>Macron mund t\u00eb k\u00ebrkoj\u00eb t\u00eb bashkoj\u00eb nj\u00eb koalicion deputet\u00ebsh nga parti t\u00eb ndryshme n\u00eb t\u00eb majt\u00eb, n\u00eb qend\u00ebr dhe n\u00eb t\u00eb djatht\u00eb, por duke p\u00ebrjashtuar RN dhe t\u00eb majt\u00ebn ekstreme La France Insoumise (LFI).<\/p>\n<p>Nj\u00eb marr\u00ebveshje e till\u00eb do t\u00eb p\u00ebrb\u00ebnte nj\u00eb \u201cbashk\u00ebjetes\u00eb\u201d dhe krijimi i nj\u00eb marr\u00ebveshjeje t\u00eb till\u00eb mund t\u00eb rezultoj\u00eb i v\u00ebshtir\u00eb duke pasur parasysh dallimet e gjera politike t\u00eb pal\u00ebve.<\/p>\n<p>The post <a rel=\"nofollow\" href=\"https:\/\/albanianpost.com\/sonte-asnje-shumice-absolute-nuk-mund-te-udhehiqet-nga-ekstremet-deklaron-attal-doreheqja-e-tij-neser\/\">\u201cSonte asnj\u00eb shumic\u00eb absolute nuk mund t\u00eb udh\u00ebhiqet nga ekstremet\u201d, deklaron Attal \u2013 Dor\u00ebheqja e tij nes\u00ebr<\/a> appeared first on <a rel=\"nofollow\" href=\"https:\/\/albanianpost.com\/\">Albanian Post<\/a>.<\/p>\n","protected":false},"excerpt":{"rendered":"<p>P\u00ebr kryeministrin n\u00eb detyr\u00eb t\u00eb Franc\u00ebs, Gabriel Attal, nata e sotme zgjedhore tregoi se asnj\u00eb shumic\u00eb absolute nuk mund t\u00eb udh\u00ebhiqet nga ekstremet dhe ky \u00ebsht\u00eb nj\u00eb lajm i mir\u00eb p\u00ebr t\u00eb. \u201cD\u00ebshiroj t\u00eb p\u00ebrg\u00ebzoj 577 deputet\u00ebt e sapozgjedhur. T\u00eb gjith\u00eb s\u00eb bashku p\u00ebrfaq\u00ebsojn\u00eb kombin ton\u00eb. Nuk e zgjodha un\u00eb k\u00ebt\u00eb shp\u00ebrb\u00ebrje, por nuk pranova [&hellip;]<\/p>\n","protected":false},"author":1,"featured_media":6061,"comment_status":"open","ping_status":"open","sticky":false,"template":"","format":"standard","meta":{"footnotes":""},"categories":[1],"tags":[],"class_list":["post-6060","post","type-post","status-publish","format-standard","has-post-thumbnail","hentry","category-uncategorized"],"_links":{"self":[{"href":"https:\/\/radiogjilani.com\/index.php\/wp-json\/wp\/v2\/posts\/6060","targetHints":{"allow":["GET"]}}],"collection":[{"href":"https:\/\/radiogjilani.com\/index.php\/wp-json\/wp\/v2\/posts"}],"about":[{"href":"https:\/\/radiogjilani.com\/index.php\/wp-json\/wp\/v2\/types\/post"}],"author":[{"embeddable":true,"href":"https:\/\/radiogjilani.com\/index.php\/wp-json\/wp\/v2\/users\/1"}],"replies":[{"embeddable":true,"href":"https:\/\/radiogjilani.com\/index.php\/wp-json\/wp\/v2\/comments?post=6060"}],"version-history":[{"count":0,"href":"https:\/\/radiogjilani.com\/index.php\/wp-json\/wp\/v2\/posts\/6060\/revisions"}],"wp:featuredmedia":[{"embeddable":true,"href":"https:\/\/radiogjilani.com\/index.php\/wp-json\/wp\/v2\/media\/6061"}],"wp:attachment":[{"href":"https:\/\/radiogjilani.com\/index.php\/wp-json\/wp\/v2\/media?parent=6060"}],"wp:term":[{"taxonomy":"category","embeddable":true,"href":"https:\/\/radiogjilani.com\/index.php\/wp-json\/wp\/v2\/categories?post=6060"},{"taxonomy":"post_tag","embeddable":true,"href":"https:\/\/radiogjilani.com\/index.php\/wp-json\/wp\/v2\/tags?post=6060"}],"curies":[{"name":"wp","href":"https:\/\/api.w.org\/{rel}","templated":true}]}}