{"id":6062,"date":"2024-07-08T00:19:00","date_gmt":"2024-07-08T00:19:00","guid":{"rendered":"https:\/\/radiogjilani.com\/index.php\/2024\/07\/08\/pse-te-zhgenjehem-kur-kemi-dyfishuar-numrat-thote-le-pen\/"},"modified":"2024-07-08T00:19:00","modified_gmt":"2024-07-08T00:19:00","slug":"pse-te-zhgenjehem-kur-kemi-dyfishuar-numrat-thote-le-pen","status":"publish","type":"post","link":"https:\/\/radiogjilani.com\/index.php\/2024\/07\/08\/pse-te-zhgenjehem-kur-kemi-dyfishuar-numrat-thote-le-pen\/","title":{"rendered":"Pse t\u00eb zhg\u00ebnjehem kur kemi dyfishuar numrat, thot\u00eb Le Pen"},"content":{"rendered":"<p dir=\"ltr\">\u201cKam shum\u00eb p\u00ebrvoj\u00eb p\u00ebr t\u2019u zhg\u00ebnjyer nga nj\u00eb rezultat ku dyfishojm\u00eb numrin e deputet\u00ebve tan\u00eb\u201d, tha Marine Le Pen n\u00eb TF1.<\/p>\n<p dir=\"ltr\">Sipas saj, \u201cn\u00ebse nuk do t\u00eb ishte kjo marr\u00ebveshje e panatyrshme mes Macron dhe t\u00eb majt\u00ebs ekstreme, RN do t\u00eb ishte n\u00eb nj\u00eb situat\u00eb t\u00eb shumic\u00ebs absolute\u201d.<\/p>\n<p dir=\"ltr\">Le Pen thekson se situata \u00ebsht\u00eb e paq\u00ebndrueshme.<\/p>\n<p dir=\"ltr\">\u201cA do t\u00eb b\u00ebhet Jean-Luc M\u00e9lenchon kryeminist\u00ebr?\u201d<\/p>\n<div class=\"iframe-container\"><\/div>\n<p dir=\"ltr\">E pyetur p\u00ebr dor\u00ebheqjen e Emmanuel Macron, Marine Le Pen u p\u00ebrgjigj: Un\u00eb nuk po b\u00ebj thirrje p\u00ebr asgj\u00eb.<\/p>\n<p>The post <a rel=\"nofollow\" href=\"https:\/\/albanianpost.com\/pse-te-zhgenjehem-kur-kemi-dyfishuar-numrat-thote-le-pen\/\">Pse t\u00eb zhg\u00ebnjehem kur kemi dyfishuar numrat, thot\u00eb Le Pen<\/a> appeared first on <a rel=\"nofollow\" href=\"https:\/\/albanianpost.com\/\">Albanian Post<\/a>.<\/p>\n","protected":false},"excerpt":{"rendered":"<p>\u201cKam shum\u00eb p\u00ebrvoj\u00eb p\u00ebr t\u2019u zhg\u00ebnjyer nga nj\u00eb rezultat ku dyfishojm\u00eb numrin e deputet\u00ebve tan\u00eb\u201d, tha Marine Le Pen n\u00eb TF1. Sipas saj, \u201cn\u00ebse nuk do t\u00eb ishte kjo marr\u00ebveshje e panatyrshme mes Macron dhe t\u00eb majt\u00ebs ekstreme, RN do t\u00eb ishte n\u00eb nj\u00eb situat\u00eb t\u00eb shumic\u00ebs absolute\u201d. Le Pen thekson se situata \u00ebsht\u00eb e [&hellip;]<\/p>\n","protected":false},"author":1,"featured_media":6063,"comment_status":"open","ping_status":"open","sticky":false,"template":"","format":"standard","meta":{"footnotes":""},"categories":[1],"tags":[],"class_list":["post-6062","post","type-post","status-publish","format-standard","has-post-thumbnail","hentry","category-uncategorized"],"_links":{"self":[{"href":"https:\/\/radiogjilani.com\/index.php\/wp-json\/wp\/v2\/posts\/6062","targetHints":{"allow":["GET"]}}],"collection":[{"href":"https:\/\/radiogjilani.com\/index.php\/wp-json\/wp\/v2\/posts"}],"about":[{"href":"https:\/\/radiogjilani.com\/index.php\/wp-json\/wp\/v2\/types\/post"}],"author":[{"embeddable":true,"href":"https:\/\/radiogjilani.com\/index.php\/wp-json\/wp\/v2\/users\/1"}],"replies":[{"embeddable":true,"href":"https:\/\/radiogjilani.com\/index.php\/wp-json\/wp\/v2\/comments?post=6062"}],"version-history":[{"count":0,"href":"https:\/\/radiogjilani.com\/index.php\/wp-json\/wp\/v2\/posts\/6062\/revisions"}],"wp:featuredmedia":[{"embeddable":true,"href":"https:\/\/radiogjilani.com\/index.php\/wp-json\/wp\/v2\/media\/6063"}],"wp:attachment":[{"href":"https:\/\/radiogjilani.com\/index.php\/wp-json\/wp\/v2\/media?parent=6062"}],"wp:term":[{"taxonomy":"category","embeddable":true,"href":"https:\/\/radiogjilani.com\/index.php\/wp-json\/wp\/v2\/categories?post=6062"},{"taxonomy":"post_tag","embeddable":true,"href":"https:\/\/radiogjilani.com\/index.php\/wp-json\/wp\/v2\/tags?post=6062"}],"curies":[{"name":"wp","href":"https:\/\/api.w.org\/{rel}","templated":true}]}}