{"id":6118,"date":"2024-07-09T00:20:42","date_gmt":"2024-07-09T00:20:42","guid":{"rendered":"https:\/\/radiogjilani.com\/index.php\/2024\/07\/09\/specialja-se-sqaron-pse-ia-hoqi-kravaten-krasniqit-ne-gjykatore-veprim-arbitrar-qe-demton-kredibilitetin-e-gjykates\/"},"modified":"2024-07-09T00:20:42","modified_gmt":"2024-07-09T00:20:42","slug":"specialja-se-sqaron-pse-ia-hoqi-kravaten-krasniqit-ne-gjykatore-veprim-arbitrar-qe-demton-kredibilitetin-e-gjykates","status":"publish","type":"post","link":"https:\/\/radiogjilani.com\/index.php\/2024\/07\/09\/specialja-se-sqaron-pse-ia-hoqi-kravaten-krasniqit-ne-gjykatore-veprim-arbitrar-qe-demton-kredibilitetin-e-gjykates\/","title":{"rendered":"Specialja s\u2019e sqaron pse ia hoqi kravat\u00ebn Krasniqit n\u00eb gjykatore \u2013 \u201cveprim arbitrar q\u00eb d\u00ebmton kredibilitetin e gjykat\u00ebs\u201d"},"content":{"rendered":"<p>Gjykata Speciale ende nuk ka dal\u00eb me ndonj\u00eb shpjegim se pse e detyroi ish-z\u00ebdh\u00ebn\u00ebsin e Ushtris\u00eb \u00c7lirimtare t\u00eb Kosov\u00ebs (U\u00c7K), Jakup Krasniqin q\u00eb ta heq\u00eb kollaren para nisjes s\u00eb seanc\u00ebs q\u00eb u mbajt k\u00ebt\u00eb t\u00eb h\u00ebn\u00eb.<\/p>\n<p>N\u00eb an\u00ebn tjet\u00ebr, juristi Arb\u00ebr Jashari, n\u00eb nj\u00eb bised\u00eb p\u00ebr Albanian Post ka th\u00ebn\u00eb Specialja duhet t\u00eb dal\u00eb sa m\u00eb shpejt\u00eb me sqarime lidhur me at\u00eb se mbi \u00e7far\u00eb baze ligjore ka vendosur q\u00eb t\u00eb mos ta lejoj paraqitjen e Krasniqit n\u00eb gjykatore me kollare.<\/p>\n<p>\u201cP\u00ebrndryshe, n\u00ebse kjo \u00ebsht\u00eb b\u00ebr\u00eb pa u mb\u00ebshtetur n\u00eb ndonj\u00eb norm\u00eb a rregull t\u00eb brendsh\u00ebm, ose pa ekzistuar ndonj\u00eb rrethan\u00eb e arsyeshme, p\u00ebrb\u00ebn nj\u00eb veprim arbitrar q\u00eb d\u00ebmton imazhin dhe kredibilitetin e gjykat\u00ebs\u201d, tha Jashari.<\/p>\n<p>Tutje p\u00ebr Jasharin, n\u00eb parim, veshja me kostum dhe kravat\u00eb \u00ebsht\u00eb konform etikes s\u00eb veshjes, p\u00ebr shkak se n\u00eb k\u00ebt\u00eb m\u00ebnyr\u00eb respektohet gjykata dhe serioziteti i procedur\u00ebs.<\/p>\n<div class=\"iframe-container\"><\/div>\n<p>Ndryshe, k\u00ebt\u00eb \u00e7\u00ebshtje e ngriti q\u00eb nga m\u00ebngjesi avokatja Alagendra Venkates\u00ebari, e cila u ankua se pse po detyrohet klienti i tij ta heq\u00eb kravat\u00ebn q\u00eb e ka vendosur edhe m\u00eb her\u00ebt.<\/p>\n<p>\u201cZot\u00ebri Krasniqi e ka pasur nj\u00eb kravat\u00eb k\u00ebt\u00eb m\u00ebngjes dhe ja kan\u00eb hequr. A mund t\u00eb na thot\u00eb dikush pse i \u00ebsht\u00eb hequr kravata zot\u00ebri Krasniqit sot paradite?\u201d, ka deklaruar ajo, derisa kreu i trupit gjykues, Charles Smith, tha se \u201cas q\u00eb e ka haberin p\u00ebr k\u00ebt\u00eb\u201d.<\/p>\n<p>Pas nj\u00eb pushimi t\u00eb zgjatur, trupi gjykues nuk e ka adresuar n\u00eb publik shqet\u00ebsimin e mbrojtjes s\u00eb Jakup Krasniqit p\u00ebr detyrimin p\u00ebr heqje t\u00eb kravat\u00ebs.<\/p>\n<p>Ish-presidenti Hashim Tha\u00e7i, ish-kryeparlamentar\u00ebt Kadri Veseli e Jakup Krasniqi, si dhe ish-shefi i deputet\u00ebve t\u00eb Vet\u00ebvendosjes, Rexhep Selimi, akuzohen p\u00ebr nd\u00ebrmarrje t\u00eb p\u00ebrbashk\u00ebt kriminale lidhur me vrasje, tortura e trajtim mizor n\u00eb rreth 40 qendra ndalimi n\u00eb periudh\u00ebn 1998\u20131999.<\/p>\n<p>P\u00ebr k\u00ebto krime t\u00eb pretenduara, ZPS-ja pretendon se kat\u00ebr pjes\u00ebtar\u00ebt e Shtabit t\u00eb P\u00ebrgjithsh\u00ebm ishin n\u00eb dijeni ose kan\u00eb pasur arsye t\u00eb jen\u00eb n\u00eb dijeni.<\/p>\n<p>Ata akuzohen edhe p\u00ebr pjes\u00ebmarrje direkte n\u00eb frik\u00ebsim, marrje n\u00eb pyetje dhe keqtrajtim t\u00eb t\u00eb ndaluarve n\u00ebp\u00ebr qendra ndalimi.<\/p>\n<p>Akuzat i kan\u00eb mohuar n\u00eb t\u00ebr\u00ebsi Tha\u00e7i, Veseli, Selimi e Krasniqi, e po ashtu edhe mbrojt\u00ebsit e tyre.<\/p>\n<p>The post <a rel=\"nofollow\" href=\"https:\/\/albanianpost.com\/specialja-se-sqaron-pse-ia-hoqi-kravaten-krasniqit-ne-gjykatore-veprim-arbitrar-qe-demton-kredibilitetin-e-gjykates\/\">Specialja s\u2019e sqaron pse ia hoqi kravat\u00ebn Krasniqit n\u00eb gjykatore \u2013 \u201cveprim arbitrar q\u00eb d\u00ebmton kredibilitetin e gjykat\u00ebs\u201d<\/a> appeared first on <a rel=\"nofollow\" href=\"https:\/\/albanianpost.com\/\">Albanian Post<\/a>.<\/p>\n","protected":false},"excerpt":{"rendered":"<p>Gjykata Speciale ende nuk ka dal\u00eb me ndonj\u00eb shpjegim se pse e detyroi ish-z\u00ebdh\u00ebn\u00ebsin e Ushtris\u00eb \u00c7lirimtare t\u00eb Kosov\u00ebs (U\u00c7K), Jakup Krasniqin q\u00eb ta heq\u00eb kollaren para nisjes s\u00eb seanc\u00ebs q\u00eb u mbajt k\u00ebt\u00eb t\u00eb h\u00ebn\u00eb. N\u00eb an\u00ebn tjet\u00ebr, juristi Arb\u00ebr Jashari, n\u00eb nj\u00eb bised\u00eb p\u00ebr Albanian Post ka th\u00ebn\u00eb Specialja duhet t\u00eb dal\u00eb sa [&hellip;]<\/p>\n","protected":false},"author":1,"featured_media":6119,"comment_status":"open","ping_status":"open","sticky":false,"template":"","format":"standard","meta":{"footnotes":""},"categories":[1],"tags":[],"class_list":["post-6118","post","type-post","status-publish","format-standard","has-post-thumbnail","hentry","category-uncategorized"],"_links":{"self":[{"href":"https:\/\/radiogjilani.com\/index.php\/wp-json\/wp\/v2\/posts\/6118","targetHints":{"allow":["GET"]}}],"collection":[{"href":"https:\/\/radiogjilani.com\/index.php\/wp-json\/wp\/v2\/posts"}],"about":[{"href":"https:\/\/radiogjilani.com\/index.php\/wp-json\/wp\/v2\/types\/post"}],"author":[{"embeddable":true,"href":"https:\/\/radiogjilani.com\/index.php\/wp-json\/wp\/v2\/users\/1"}],"replies":[{"embeddable":true,"href":"https:\/\/radiogjilani.com\/index.php\/wp-json\/wp\/v2\/comments?post=6118"}],"version-history":[{"count":0,"href":"https:\/\/radiogjilani.com\/index.php\/wp-json\/wp\/v2\/posts\/6118\/revisions"}],"wp:featuredmedia":[{"embeddable":true,"href":"https:\/\/radiogjilani.com\/index.php\/wp-json\/wp\/v2\/media\/6119"}],"wp:attachment":[{"href":"https:\/\/radiogjilani.com\/index.php\/wp-json\/wp\/v2\/media?parent=6118"}],"wp:term":[{"taxonomy":"category","embeddable":true,"href":"https:\/\/radiogjilani.com\/index.php\/wp-json\/wp\/v2\/categories?post=6118"},{"taxonomy":"post_tag","embeddable":true,"href":"https:\/\/radiogjilani.com\/index.php\/wp-json\/wp\/v2\/tags?post=6118"}],"curies":[{"name":"wp","href":"https:\/\/api.w.org\/{rel}","templated":true}]}}