{"id":6122,"date":"2024-07-09T00:20:40","date_gmt":"2024-07-09T00:20:40","guid":{"rendered":"https:\/\/radiogjilani.com\/index.php\/2024\/07\/09\/obrien-rreziqet-kryesore-veriu-i-kosoves-dhe-shkeputja-e-republikes-srpska\/"},"modified":"2024-07-09T00:20:40","modified_gmt":"2024-07-09T00:20:40","slug":"obrien-rreziqet-kryesore-veriu-i-kosoves-dhe-shkeputja-e-republikes-srpska","status":"publish","type":"post","link":"https:\/\/radiogjilani.com\/index.php\/2024\/07\/09\/obrien-rreziqet-kryesore-veriu-i-kosoves-dhe-shkeputja-e-republikes-srpska\/","title":{"rendered":"O\u2019Brien: Rreziqet kryesore, veriu i Kosov\u00ebs dhe shk\u00ebputja e Republik\u00ebs Srpska"},"content":{"rendered":"<p>Ndihm\u00ebssekretari amerikan i shtetit p\u00ebr \u00e7\u00ebshtje evropiane dhe euroaziatike, Jim O\u2019Brien, ka th\u00ebn\u00eb se n\u00eb Ballkanin Per\u00ebndimor rrezik p\u00ebrb\u00ebjn\u00eb\u00a0\u201cbetejat lokale\u201d q\u00eb kthehen n\u00eb\u00a0konflikt politik e q\u00eb prekin t\u00eb gjith\u00eb rajonin, derisa ka shtuar se \u201crreziku primar\u201d \u00ebsht\u00eb veriu i Kosov\u00ebs dhe k\u00ebrc\u00ebnimi me shk\u00ebputje i nj\u00eb pjese t\u00eb Bosnje dhe Hercegovin\u00ebs.<\/p>\n<p>\u201cRreziku primar \u00ebsht\u00eb veriu i Kosov\u00ebs dhe k\u00ebrc\u00ebnimi i shk\u00ebputjes s\u00eb nj\u00eb pjese t\u00eb Bosnje-Hercegovin\u00ebs. KFOR\u2019i si dhe EUFOR-i , jan\u00eb aty p\u00ebr t\u00eb parandaluar bandat e vogla lokale. Kemi bashk\u00ebpunim t\u00eb mir\u00eb me Serbin\u00eb dhe autoritetet e Kosov\u00ebs n\u00eb p\u00ebrpjekje p\u00ebr t\u2019i zgjidhur rreziqet e dhun\u00ebs n\u00eb veri dhe mendoj se kemi nj\u00eb shans p\u00ebr procese politike q\u00eb do t\u00eb adresojn\u00eb shkaqet e dhun\u00ebs\u201d, tha O\u2019Brien n\u00eb nj\u00eb intervist\u00eb p\u00ebr agjencin\u00eb serbe t\u00eb lajmeve Tanjug.<\/p>\n<p>Gjat\u00eb k\u00ebsaj interviste, mediumi serb ka pyetur diplomatin amerikan se pse Kosov\u00ebs\u00a0i lejohet t\u00eb blej\u00eb dron\u00eb, meq\u00eb sipas Rezolut\u00ebs 1244 t\u00eb K\u00ebshillit t\u00eb Sigurimit t\u00eb OKB-s\u00eb, e vetmja forc\u00eb e armatosur q\u00eb lejohet t\u00eb operoj\u00eb n\u00eb Kosov\u00eb \u00ebsht\u00eb KFOR-i.<\/p>\n<p>N\u00eb p\u00ebrgjigjen e tij, O\u2019Brien ka th\u00ebn\u00eb se Rezoluta 1244 krijoi\u00a0nj\u00eb proces p\u00ebr t\u00eb diskutuar p\u00ebr t\u00eb ardhmen e Kosov\u00ebs, derisa ka shtuar se ai proces \u00e7oi n\u00eb pavar\u00ebsin\u00eb e saj.<\/p>\n<div class=\"iframe-container\"><\/div>\n<p>\u201cKosova ka t\u00eb drejt\u00eb t\u00eb mbroj\u00eb territorin e saj pa rrezikuar fqinj\u00ebt e saj. N\u00eb p\u00ebrgjith\u00ebsi, \u00ebsht\u00eb nj\u00eb hap p\u00ebrpara drejt stabilitetit n\u00eb rajon dhe p\u00ebr k\u00ebt\u00eb do t\u00eb ket\u00eb mb\u00ebshtetjen e SHBA-s\u00eb\u201d, shtoi.<\/p>\n<p>Duke komentuar p\u00ebr procesin e dialogut mes Kosov\u00ebs dhe Serbis\u00eb dhe refuzimin e kryeministrit kosovar Albin Kurti p\u00ebr ta themeluar Asociacionin e Komunave me Shumic\u00eb Serbe, diplomati amerikan n\u00ebnvizoi se shteti tij k\u00ebrkon q\u00eb sa m\u00eb shpejt t\u00eb jet\u00ebsohet ky mekaniz\u00ebm.<\/p>\n<p>\u201cP\u00ebr sa i p\u00ebrket avancimit t\u00eb dialogut, ne kemi mjete t\u00eb tjera, si\u00e7 \u00ebsht\u00eb Plani i Rritjes p\u00ebr Ballkanin Per\u00ebndimor, i cili synon forcimin e bashk\u00ebpunimit si\u00e7 \u00ebsht\u00eb l\u00ebvizja e njer\u00ebzve, mallrave dhe gj\u00ebrave t\u00eb tjera praktike, mendoj se kjo \u00ebsht\u00eb gj\u00ebja kryesore q\u00eb ne po fokusohemi n\u00eb detajet q\u00eb lidhen me dialogun. N\u00eb nj\u00eb rajon me 18 milion\u00eb banor\u00eb, ne duhet t\u00eb gjejm\u00eb m\u00ebnyra p\u00ebr t\u00eb bashk\u00ebpunuar dhe p\u00ebr t\u2019u ofruar njer\u00ebzve nj\u00eb gj\u00eb m\u00eb t\u00eb mir\u00eb\u201d.<\/p>\n<p>The post <a rel=\"nofollow\" href=\"https:\/\/albanianpost.com\/obrien-rreziqet-kryesore-veriu-i-kosoves-dhe-shkeputja-e-republikes-srpska\/\">O\u2019Brien: Rreziqet kryesore, veriu i Kosov\u00ebs dhe shk\u00ebputja e Republik\u00ebs Srpska<\/a> appeared first on <a rel=\"nofollow\" href=\"https:\/\/albanianpost.com\/\">Albanian Post<\/a>.<\/p>\n","protected":false},"excerpt":{"rendered":"<p>Ndihm\u00ebssekretari amerikan i shtetit p\u00ebr \u00e7\u00ebshtje evropiane dhe euroaziatike, Jim O\u2019Brien, ka th\u00ebn\u00eb se n\u00eb Ballkanin Per\u00ebndimor rrezik p\u00ebrb\u00ebjn\u00eb\u00a0\u201cbetejat lokale\u201d q\u00eb kthehen n\u00eb\u00a0konflikt politik e q\u00eb prekin t\u00eb gjith\u00eb rajonin, derisa ka shtuar se \u201crreziku primar\u201d \u00ebsht\u00eb veriu i Kosov\u00ebs dhe k\u00ebrc\u00ebnimi me shk\u00ebputje i nj\u00eb pjese t\u00eb Bosnje dhe Hercegovin\u00ebs. \u201cRreziku primar \u00ebsht\u00eb veriu [&hellip;]<\/p>\n","protected":false},"author":1,"featured_media":6123,"comment_status":"open","ping_status":"open","sticky":false,"template":"","format":"standard","meta":{"footnotes":""},"categories":[1],"tags":[],"class_list":["post-6122","post","type-post","status-publish","format-standard","has-post-thumbnail","hentry","category-uncategorized"],"_links":{"self":[{"href":"https:\/\/radiogjilani.com\/index.php\/wp-json\/wp\/v2\/posts\/6122","targetHints":{"allow":["GET"]}}],"collection":[{"href":"https:\/\/radiogjilani.com\/index.php\/wp-json\/wp\/v2\/posts"}],"about":[{"href":"https:\/\/radiogjilani.com\/index.php\/wp-json\/wp\/v2\/types\/post"}],"author":[{"embeddable":true,"href":"https:\/\/radiogjilani.com\/index.php\/wp-json\/wp\/v2\/users\/1"}],"replies":[{"embeddable":true,"href":"https:\/\/radiogjilani.com\/index.php\/wp-json\/wp\/v2\/comments?post=6122"}],"version-history":[{"count":0,"href":"https:\/\/radiogjilani.com\/index.php\/wp-json\/wp\/v2\/posts\/6122\/revisions"}],"wp:featuredmedia":[{"embeddable":true,"href":"https:\/\/radiogjilani.com\/index.php\/wp-json\/wp\/v2\/media\/6123"}],"wp:attachment":[{"href":"https:\/\/radiogjilani.com\/index.php\/wp-json\/wp\/v2\/media?parent=6122"}],"wp:term":[{"taxonomy":"category","embeddable":true,"href":"https:\/\/radiogjilani.com\/index.php\/wp-json\/wp\/v2\/categories?post=6122"},{"taxonomy":"post_tag","embeddable":true,"href":"https:\/\/radiogjilani.com\/index.php\/wp-json\/wp\/v2\/tags?post=6122"}],"curies":[{"name":"wp","href":"https:\/\/api.w.org\/{rel}","templated":true}]}}