{"id":6126,"date":"2024-07-09T00:20:38","date_gmt":"2024-07-09T00:20:38","guid":{"rendered":"https:\/\/radiogjilani.com\/index.php\/2024\/07\/09\/te-pakten-36-te-vrare-ne-ukraine-sulmohet-nje-spital-femijesh-nga-forcat-ruse\/"},"modified":"2024-07-09T00:20:38","modified_gmt":"2024-07-09T00:20:38","slug":"te-pakten-36-te-vrare-ne-ukraine-sulmohet-nje-spital-femijesh-nga-forcat-ruse","status":"publish","type":"post","link":"https:\/\/radiogjilani.com\/index.php\/2024\/07\/09\/te-pakten-36-te-vrare-ne-ukraine-sulmohet-nje-spital-femijesh-nga-forcat-ruse\/","title":{"rendered":"T\u00eb pakt\u00ebn 36 t\u00eb vrar\u00eb n\u00eb Ukrain\u00eb, sulmohet nj\u00eb spital f\u00ebmij\u00ebsh nga forcat ruse"},"content":{"rendered":"<p>T\u00eb pakt\u00ebn 36 persona jan\u00eb konfirmuar se jan\u00eb vrar\u00eb dhe 140 jan\u00eb plagosur si rezultat i sulmeve me raketa ruse n\u00eb t\u00eb gjith\u00eb Ukrain\u00ebn sot, tha Andriy Yermak, shefi i shtabit t\u00eb Presidentit t\u00eb Ukrain\u00ebs, Volodymyr Zelensky.<\/p>\n<p>U raportua m\u00eb her\u00ebt sot se dy persona vdiq\u00ebn kur Spitali i F\u00ebmij\u00ebve Ohmatdyt \u2013 objekti m\u00eb i madh i pediatris\u00eb n\u00eb Ukrain\u00eb \u2013 p\u00ebsoi d\u00ebme t\u00eb m\u00ebdha gjat\u00eb shp\u00ebrthimit.<\/p>\n<p>Vitaliy Klitschko, kryetari i bashkis\u00eb s\u00eb Kievit, tha se dy personat, t\u00eb cil\u00ebt u vran\u00eb n\u00eb spital, ishin t\u00eb rritur \u2013 nj\u00ebri prej t\u00eb cil\u00ebve ishte mjek.<\/p>\n<p>Ai shtoi se ekipet e shp\u00ebtimit kishin frik\u00eb se m\u00eb shum\u00eb njer\u00ebz ishin t\u00eb bllokuar n\u00ebn rr\u00ebnoja, q\u00eb do t\u00eb thot\u00eb se numri i t\u00eb vdekurve mund t\u00eb vazhdoj\u00eb t\u00eb rritet.<\/p>\n<div class=\"iframe-container\"><\/div>\n<p>K\u00ebshilli i Sigurimit i OKB-s\u00eb do t\u00eb mbledh\u00eb nj\u00eb takim t\u00eb mart\u00ebn me k\u00ebrkes\u00eb t\u00eb Britanis\u00eb, Franc\u00ebs, Ekuadorit, Sllovenis\u00eb dhe SHBA-ve p\u00ebr t\u00eb diskutuar sulmet e kryera n\u00eb t\u00eb gjith\u00eb Ukrain\u00ebn q\u00eb vran\u00eb t\u00eb pakt\u00ebn 36 persona.<\/p>\n<p>\u201cNe do t\u00eb th\u00ebrrasim sulmin frikacak dhe t\u00eb shthurur t\u00eb Rusis\u00eb ndaj spitalit mbr\u00ebm\u00eb n\u00eb K\u00ebshillin e Sigurimit,\u201d tha p\u00ebrfaq\u00ebsuesja e p\u00ebrhershme e Mbret\u00ebris\u00eb s\u00eb Bashkuar n\u00eb Kombet e Bashkuara Barbara Woodward n\u00eb mediat sociale.<\/p>\n<p>Ajo i b\u00ebri jehon\u00eb komenteve t\u00eb b\u00ebra m\u00eb her\u00ebt nga sekretari i ri i jasht\u00ebm i Mbret\u00ebris\u00eb s\u00eb Bashkuar, David Lammy, i cili d\u00ebnoi sulmin nd\u00ebrsa p\u00ebrs\u00ebriti mb\u00ebshtetjen e vendit t\u00eb tij p\u00ebr Ukrain\u00ebn si \u201ct\u00eb veshur me hekur\u201d.<\/p>\n<p>Kryetari i bashkis\u00eb s\u00eb Kievit, Vitali Klitschko, ka shpallur 9 korrikun dit\u00eb zie pas sulmeve vdekjeprur\u00ebse n\u00eb kryeqytet.<\/p>\n<p>T\u00eb gjith\u00eb flamujt do t\u00eb val\u00ebviten n\u00eb gjysm\u00ebshtiz\u00eb n\u00eb nd\u00ebrtesat komunale n\u00eb t\u00eb gjith\u00eb qytetin, tha ai n\u00eb nj\u00eb postim n\u00eb Telegram dhe \u00e7do ngjarje arg\u00ebtuese \u00ebsht\u00eb anuluar.<\/p>\n<p>T\u00eb pakt\u00ebn 20 persona kan\u00eb vdekur n\u00eb kryeqytet, thot\u00eb Klitschko, dhe rreth 100 jan\u00eb plagosur.<\/p>\n<p>Shum\u00eb lider\u00eb dhe qeveri per\u00ebndimor\u00eb i jan\u00eb p\u00ebrgjigjur sulmeve t\u00eb Rusis\u00eb sot, p\u00ebrfshir\u00eb Sekretarin e P\u00ebrgjithsh\u00ebm t\u00eb NATO-s, Jens Stoltenberg.<\/p>\n<p>Ai d\u00ebnoi \u201csulmet e tmerrshme\u201d dhe tha se vendimet do t\u00eb merren n\u00eb samitin e aleanc\u00ebs ushtarake k\u00ebt\u00eb jav\u00eb p\u00ebr t\u00eb forcuar mb\u00ebshtetjen p\u00ebr Ukrain\u00ebn.<\/p>\n<p>\u201cN\u00eb Ukrain\u00eb, Rusia vazhdon luft\u00ebn e saj brutale. Vet\u00ebm sot ne kemi par\u00eb sulme t\u00eb tmerrshme raketore kund\u00ebr qyteteve ukrainase, duke vrar\u00eb civil\u00eb t\u00eb pafajsh\u00ebm, p\u00ebrfshir\u00eb f\u00ebmij\u00eb,\u201d tha ai.<\/p>\n<p>Nd\u00ebrkoh\u00eb, shefi i OKB-s\u00eb Antonio Guterres d\u00ebnoi gjithashtu sulmet, sipas z\u00ebdh\u00ebn\u00ebsit t\u00eb tij, i cili tha se sekretari i p\u00ebrgjithsh\u00ebm i OKB-s\u00eb e kishte gjetur sulmin n\u00eb spitalin e f\u00ebmij\u00ebve n\u00eb Kiev dhe nj\u00eb objekt tjet\u00ebr mjek\u00ebsor \u201cve\u00e7an\u00ebrisht trondit\u00ebs\u201d.<\/p>\n<p>Ministria e Pun\u00ebve t\u00eb Jashtme t\u00eb Italis\u00eb tha se \u00ebsht\u00eb \u201ce tmerruar nga imazhet e bombardimeve\u201d t\u00eb Kievit, duke shtuar se \u201ckrimet e luft\u00ebs si ky duhet t\u00eb d\u00ebnohen nga i gjith\u00eb komuniteti nd\u00ebrkomb\u00ebtar\u201d.<\/p>\n<p>Rusia ka mohuar se ka sh\u00ebnjestruar spitalin, duke th\u00ebn\u00eb se ai \u00ebsht\u00eb goditur nga fragmente t\u00eb nj\u00eb rakete t\u00eb mbrojtjes ajrore ukrainase.<\/p>\n<p>The post <a rel=\"nofollow\" href=\"https:\/\/albanianpost.com\/te-pakten-36-te-vrare-ne-ukraine-sulmohet-nje-spital-femijesh-nga-forcat-ruse\/\">T\u00eb pakt\u00ebn 36 t\u00eb vrar\u00eb n\u00eb Ukrain\u00eb, sulmohet nj\u00eb spital f\u00ebmij\u00ebsh nga forcat ruse<\/a> appeared first on <a rel=\"nofollow\" href=\"https:\/\/albanianpost.com\/\">Albanian Post<\/a>.<\/p>\n","protected":false},"excerpt":{"rendered":"<p>T\u00eb pakt\u00ebn 36 persona jan\u00eb konfirmuar se jan\u00eb vrar\u00eb dhe 140 jan\u00eb plagosur si rezultat i sulmeve me raketa ruse n\u00eb t\u00eb gjith\u00eb Ukrain\u00ebn sot, tha Andriy Yermak, shefi i shtabit t\u00eb Presidentit t\u00eb Ukrain\u00ebs, Volodymyr Zelensky. U raportua m\u00eb her\u00ebt sot se dy persona vdiq\u00ebn kur Spitali i F\u00ebmij\u00ebve Ohmatdyt \u2013 objekti m\u00eb i [&hellip;]<\/p>\n","protected":false},"author":1,"featured_media":6127,"comment_status":"open","ping_status":"open","sticky":false,"template":"","format":"standard","meta":{"footnotes":""},"categories":[1],"tags":[],"class_list":["post-6126","post","type-post","status-publish","format-standard","has-post-thumbnail","hentry","category-uncategorized"],"_links":{"self":[{"href":"https:\/\/radiogjilani.com\/index.php\/wp-json\/wp\/v2\/posts\/6126","targetHints":{"allow":["GET"]}}],"collection":[{"href":"https:\/\/radiogjilani.com\/index.php\/wp-json\/wp\/v2\/posts"}],"about":[{"href":"https:\/\/radiogjilani.com\/index.php\/wp-json\/wp\/v2\/types\/post"}],"author":[{"embeddable":true,"href":"https:\/\/radiogjilani.com\/index.php\/wp-json\/wp\/v2\/users\/1"}],"replies":[{"embeddable":true,"href":"https:\/\/radiogjilani.com\/index.php\/wp-json\/wp\/v2\/comments?post=6126"}],"version-history":[{"count":0,"href":"https:\/\/radiogjilani.com\/index.php\/wp-json\/wp\/v2\/posts\/6126\/revisions"}],"wp:featuredmedia":[{"embeddable":true,"href":"https:\/\/radiogjilani.com\/index.php\/wp-json\/wp\/v2\/media\/6127"}],"wp:attachment":[{"href":"https:\/\/radiogjilani.com\/index.php\/wp-json\/wp\/v2\/media?parent=6126"}],"wp:term":[{"taxonomy":"category","embeddable":true,"href":"https:\/\/radiogjilani.com\/index.php\/wp-json\/wp\/v2\/categories?post=6126"},{"taxonomy":"post_tag","embeddable":true,"href":"https:\/\/radiogjilani.com\/index.php\/wp-json\/wp\/v2\/tags?post=6126"}],"curies":[{"name":"wp","href":"https:\/\/api.w.org\/{rel}","templated":true}]}}