{"id":6128,"date":"2024-07-09T00:20:37","date_gmt":"2024-07-09T00:20:37","guid":{"rendered":"https:\/\/radiogjilani.com\/index.php\/2024\/07\/09\/italia-do-te-shpenzoje-7-5-miliarde-euro-per-avionet-e-rinj-eurofighter-tregon-dokumenti\/"},"modified":"2024-07-09T00:20:37","modified_gmt":"2024-07-09T00:20:37","slug":"italia-do-te-shpenzoje-7-5-miliarde-euro-per-avionet-e-rinj-eurofighter-tregon-dokumenti","status":"publish","type":"post","link":"https:\/\/radiogjilani.com\/index.php\/2024\/07\/09\/italia-do-te-shpenzoje-7-5-miliarde-euro-per-avionet-e-rinj-eurofighter-tregon-dokumenti\/","title":{"rendered":"Italia do t\u00eb shpenzoj\u00eb 7.5 miliard\u00eb euro p\u00ebr avion\u00ebt e rinj Eurofighter, tregon dokumenti"},"content":{"rendered":"<p>Italia po planifikon t\u00eb shpenzoj\u00eb diku rreth 7.5 miliard\u00eb euro gjat\u00eb 11 viteve t\u00eb ardhshme, p\u00ebr 24 avion\u00eb t\u00eb rinj Eurofighter, sipas nj\u00eb dokumenti t\u00eb Ministris\u00eb s\u00eb Mbrojtjes, t\u00eb par\u00eb nga Reuters t\u00eb h\u00ebn\u00ebn.<\/p>\n<p>Prokurimi do t\u00eb rinovoj\u00eb flot\u00ebn e forcave ajrore t\u00eb Italis\u00eb, duke pasur parasysh dekomisionimin e nevojsh\u00ebm t\u00eb avion\u00ebve t\u00eb vjet\u00ebr Eurofighter dhe Tornado n\u00eb nj\u00eb koh\u00eb t\u00eb rritjes s\u00eb shpenzimeve t\u00eb mbrojtjes nga an\u00ebtar\u00ebt e aleanc\u00ebs s\u00eb NATO-s t\u00eb shkaktuar nga pasiguria e shtuar gjeopolitike.<\/p>\n<p>Avion\u00ebt me dy motor\u00eb, supersonik\u00eb Eurofighter Typhoon jan\u00eb nd\u00ebrtuar nga nj\u00eb konsorcium gjerman, britanik, italian dhe spanjoll, i p\u00ebrfaq\u00ebsuar nga Airbus (AIR.PA), BAE Systems (BAES.L), dhe Leonardo (LDOF .MI).<\/p>\n<p>Duke qen\u00eb se porosia do t\u00eb b\u00ebhet nga forcat ajrore italiane, Leonardo do t\u00eb caktohet si kontraktori kryesor.<\/p>\n<div class=\"iframe-container\"><\/div>\n<p>Nj\u00eb z\u00ebdh\u00ebn\u00ebs i grupit t\u00eb hap\u00ebsir\u00ebs ajrore dhe mbrojtjes t\u00eb kontrolluar nga shteti italian nuk pranoi t\u00eb komentoj\u00eb mbi dokumentin. N\u00eb qershor, nj\u00eb drejtues i lart\u00eb i kompanis\u00eb i tha Reuters se qeveria do t\u00eb shpallte planin s\u00eb shpejti.<\/p>\n<p>\u201cProgrami do t\u00eb ket\u00eb nj\u00eb korniz\u00eb kohore shum\u00ebvje\u00e7are zhvillimi prej p\u00ebraf\u00ebrsisht 2024-2034 p\u00ebr nj\u00eb shum\u00eb totale prej 7.477 miliard\u00eb euro,\u201d thuhej n\u00eb dokumentin e Mbrojtjes.<\/p>\n<p>Ai shtoi se financimi ishte tashm\u00eb n\u00eb vend p\u00ebr 690 milion\u00eb euro, nd\u00ebrsa pjesa e mbetur prej 6.8 miliard\u00eb do t\u00eb financohej p\u00ebrmes marr\u00ebveshjeve q\u00eb do t\u00eb p\u00ebrcaktohen n\u00eb t\u00eb ardhmen.<\/p>\n<p>Avioni do t\u00eb z\u00ebvend\u00ebsoj\u00eb 26 avion\u00eb q\u00eb Italia planifikon t\u00eb z\u00ebvend\u00ebsoj\u00eb nga viti 2028 dhe kontrata do t\u00eb siguroj\u00eb mb\u00ebshtetje teknike p\u00ebr avion\u00ebt dhe trajnimin e stafit.<\/p>\n<p>Komisionet p\u00ebrkat\u00ebse parlamentare do t\u00eb nxjerrin deri n\u00eb mes t\u00eb gushtit nj\u00eb opinion mbi programin e blerjes \u2013 dor\u00ebzuar n\u00eb fund t\u00eb jav\u00ebs s\u00eb kaluar nga qeveria italiane \u2013 duke i hapur rrug\u00ebn nj\u00eb miratimi p\u00ebrfundimtar.<\/p>\n<p>Gjermania muajin e kaluar gjithashtu njoftoi se do t\u00eb blinte 20 Eurofighter shtes\u00eb. Forcat ajrore t\u00eb Berlinit aktualisht operojn\u00eb 138 prej tyre.<\/p>\n<p>\u201cTeknologjit\u00eb e reja t\u00eb disponueshme p\u00ebr konkurrent\u00ebt n\u00ebnkuptojn\u00eb se supremacia ajrore, nj\u00eb element ky\u00e7 i kontrollit t\u00eb hap\u00ebsir\u00ebs ajrore, nuk mund t\u00eb merret si i mir\u00ebqen\u00eb dhe n\u00eb disa situata mund t\u00eb mos jet\u00eb as i arritsh\u00ebm\u201d, thuhet n\u00eb dokument.<\/p>\n<p>Urdhri do t\u00eb lejoj\u00eb Italin\u00eb t\u00eb kaloj\u00eb midis Eurofighter dhe Programit t\u00eb ri Global Combat Air, n\u00eb t\u00eb cilin Roma po kontribuon s\u00eb bashku me Britanin\u00eb dhe Japonin\u00eb, p\u00ebr zhvillimin e nj\u00eb avioni t\u00eb ri luftarak t\u00eb avancuar, q\u00eb pritet t\u00eb fluturoj\u00eb deri n\u00eb vitin 2035.<\/p>\n<p>The post <a rel=\"nofollow\" href=\"https:\/\/albanianpost.com\/italia-do-te-shpenzoje-7-5-miliarde-euro-per-avionet-e-rinj-eurofighter-tregon-dokumenti\/\">Italia do t\u00eb shpenzoj\u00eb 7.5 miliard\u00eb euro p\u00ebr avion\u00ebt e rinj Eurofighter, tregon dokumenti<\/a> appeared first on <a rel=\"nofollow\" href=\"https:\/\/albanianpost.com\/\">Albanian Post<\/a>.<\/p>\n","protected":false},"excerpt":{"rendered":"<p>Italia po planifikon t\u00eb shpenzoj\u00eb diku rreth 7.5 miliard\u00eb euro gjat\u00eb 11 viteve t\u00eb ardhshme, p\u00ebr 24 avion\u00eb t\u00eb rinj Eurofighter, sipas nj\u00eb dokumenti t\u00eb Ministris\u00eb s\u00eb Mbrojtjes, t\u00eb par\u00eb nga Reuters t\u00eb h\u00ebn\u00ebn. Prokurimi do t\u00eb rinovoj\u00eb flot\u00ebn e forcave ajrore t\u00eb Italis\u00eb, duke pasur parasysh dekomisionimin e nevojsh\u00ebm t\u00eb avion\u00ebve t\u00eb vjet\u00ebr Eurofighter [&hellip;]<\/p>\n","protected":false},"author":1,"featured_media":6129,"comment_status":"open","ping_status":"open","sticky":false,"template":"","format":"standard","meta":{"footnotes":""},"categories":[1],"tags":[],"class_list":["post-6128","post","type-post","status-publish","format-standard","has-post-thumbnail","hentry","category-uncategorized"],"_links":{"self":[{"href":"https:\/\/radiogjilani.com\/index.php\/wp-json\/wp\/v2\/posts\/6128","targetHints":{"allow":["GET"]}}],"collection":[{"href":"https:\/\/radiogjilani.com\/index.php\/wp-json\/wp\/v2\/posts"}],"about":[{"href":"https:\/\/radiogjilani.com\/index.php\/wp-json\/wp\/v2\/types\/post"}],"author":[{"embeddable":true,"href":"https:\/\/radiogjilani.com\/index.php\/wp-json\/wp\/v2\/users\/1"}],"replies":[{"embeddable":true,"href":"https:\/\/radiogjilani.com\/index.php\/wp-json\/wp\/v2\/comments?post=6128"}],"version-history":[{"count":0,"href":"https:\/\/radiogjilani.com\/index.php\/wp-json\/wp\/v2\/posts\/6128\/revisions"}],"wp:featuredmedia":[{"embeddable":true,"href":"https:\/\/radiogjilani.com\/index.php\/wp-json\/wp\/v2\/media\/6129"}],"wp:attachment":[{"href":"https:\/\/radiogjilani.com\/index.php\/wp-json\/wp\/v2\/media?parent=6128"}],"wp:term":[{"taxonomy":"category","embeddable":true,"href":"https:\/\/radiogjilani.com\/index.php\/wp-json\/wp\/v2\/categories?post=6128"},{"taxonomy":"post_tag","embeddable":true,"href":"https:\/\/radiogjilani.com\/index.php\/wp-json\/wp\/v2\/tags?post=6128"}],"curies":[{"name":"wp","href":"https:\/\/api.w.org\/{rel}","templated":true}]}}