{"id":6232,"date":"2024-07-11T00:20:12","date_gmt":"2024-07-11T00:20:12","guid":{"rendered":"https:\/\/radiogjilani.com\/index.php\/2024\/07\/11\/osmani-duhet-nje-akt-nga-qeveria-pastaj-une-mund-ta-coj-asociacionin-ne-kushtetuese-partneret-te-ofrojne-garanci\/"},"modified":"2024-07-11T00:20:12","modified_gmt":"2024-07-11T00:20:12","slug":"osmani-duhet-nje-akt-nga-qeveria-pastaj-une-mund-ta-coj-asociacionin-ne-kushtetuese-partneret-te-ofrojne-garanci","status":"publish","type":"post","link":"https:\/\/radiogjilani.com\/index.php\/2024\/07\/11\/osmani-duhet-nje-akt-nga-qeveria-pastaj-une-mund-ta-coj-asociacionin-ne-kushtetuese-partneret-te-ofrojne-garanci\/","title":{"rendered":"Osmani: Duhet nj\u00eb akt nga Qeveria, pastaj un\u00eb mund ta \u00e7oj Asociacionin n\u00eb Kushtetuese \u2013 partner\u00ebt t\u00eb ofrojn\u00eb garanci"},"content":{"rendered":"<p>Presidentja Vjosa Osmani, ka dh\u00ebn\u00eb nj\u00eb deklarat\u00eb nga Amerika p\u00ebr Asociacionin, themelimi i t\u00eb cilit po k\u00ebrkohet nga partner\u00ebt nd\u00ebrkomb\u00ebtar\u00eb. Ajo tha se krijimi i Asociacionit nuk n\u00ebnkupton q\u00eb shteti yn\u00eb \u00ebsht\u00eb i gatsh\u00ebm t\u00eb b\u00ebj\u00eb koncesione q\u00eb e d\u00ebmtojn\u00eb funksionalitetin e tij. Osmani tha se Asociacioni mund t\u00eb b\u00ebhet brenda suazave pa e rrezikuar Kosov\u00ebn apo edhe sigurin\u00eb n\u00eb rajon n\u00eb t\u00eb ardhmen.<\/p>\n<p><a href=\"https:\/\/ekonomiaonline.com\/asociacioni-osmani-duhet-nje-akt-nga-qeveria-pastaj-une-mund-ta-coje-ne-kushtetuese-partneret-te-ofrojne-garanci\/\" rel=\"nofollow\">Source<\/a><\/p>\n","protected":false},"excerpt":{"rendered":"<p>Presidentja Vjosa Osmani, ka dh\u00ebn\u00eb nj\u00eb deklarat\u00eb nga Amerika p\u00ebr Asociacionin, themelimi i t\u00eb cilit po k\u00ebrkohet nga partner\u00ebt nd\u00ebrkomb\u00ebtar\u00eb. Ajo tha se krijimi i Asociacionit nuk n\u00ebnkupton q\u00eb shteti yn\u00eb \u00ebsht\u00eb i gatsh\u00ebm t\u00eb b\u00ebj\u00eb koncesione q\u00eb e d\u00ebmtojn\u00eb funksionalitetin e tij. Osmani tha se Asociacioni mund t\u00eb b\u00ebhet brenda suazave pa e rrezikuar [&hellip;]<\/p>\n","protected":false},"author":1,"featured_media":6233,"comment_status":"open","ping_status":"open","sticky":false,"template":"","format":"standard","meta":{"footnotes":""},"categories":[19],"tags":[],"class_list":["post-6232","post","type-post","status-publish","format-standard","has-post-thumbnail","hentry","category-eko"],"_links":{"self":[{"href":"https:\/\/radiogjilani.com\/index.php\/wp-json\/wp\/v2\/posts\/6232","targetHints":{"allow":["GET"]}}],"collection":[{"href":"https:\/\/radiogjilani.com\/index.php\/wp-json\/wp\/v2\/posts"}],"about":[{"href":"https:\/\/radiogjilani.com\/index.php\/wp-json\/wp\/v2\/types\/post"}],"author":[{"embeddable":true,"href":"https:\/\/radiogjilani.com\/index.php\/wp-json\/wp\/v2\/users\/1"}],"replies":[{"embeddable":true,"href":"https:\/\/radiogjilani.com\/index.php\/wp-json\/wp\/v2\/comments?post=6232"}],"version-history":[{"count":0,"href":"https:\/\/radiogjilani.com\/index.php\/wp-json\/wp\/v2\/posts\/6232\/revisions"}],"wp:featuredmedia":[{"embeddable":true,"href":"https:\/\/radiogjilani.com\/index.php\/wp-json\/wp\/v2\/media\/6233"}],"wp:attachment":[{"href":"https:\/\/radiogjilani.com\/index.php\/wp-json\/wp\/v2\/media?parent=6232"}],"wp:term":[{"taxonomy":"category","embeddable":true,"href":"https:\/\/radiogjilani.com\/index.php\/wp-json\/wp\/v2\/categories?post=6232"},{"taxonomy":"post_tag","embeddable":true,"href":"https:\/\/radiogjilani.com\/index.php\/wp-json\/wp\/v2\/tags?post=6232"}],"curies":[{"name":"wp","href":"https:\/\/api.w.org\/{rel}","templated":true}]}}