{"id":6238,"date":"2024-07-11T00:20:09","date_gmt":"2024-07-11T00:20:09","guid":{"rendered":"https:\/\/radiogjilani.com\/index.php\/2024\/07\/11\/osmani-kosova-spo-thote-se-nuk-zbatohet-asociacioni-por-ai-i-pakeson-te-drejtat-e-qytetareve-i-fuqizon-lideret-e-tij\/"},"modified":"2024-07-11T00:20:09","modified_gmt":"2024-07-11T00:20:09","slug":"osmani-kosova-spo-thote-se-nuk-zbatohet-asociacioni-por-ai-i-pakeson-te-drejtat-e-qytetareve-i-fuqizon-lideret-e-tij","status":"publish","type":"post","link":"https:\/\/radiogjilani.com\/index.php\/2024\/07\/11\/osmani-kosova-spo-thote-se-nuk-zbatohet-asociacioni-por-ai-i-pakeson-te-drejtat-e-qytetareve-i-fuqizon-lideret-e-tij\/","title":{"rendered":"Osmani: Kosova s\u2019po thot\u00eb se nuk zbatohet Asociacioni, por ai i pak\u00ebson t\u00eb drejtat e qytetar\u00ebve, i fuqizon lider\u00ebt e tij"},"content":{"rendered":"<p>Vjosa Osmani, presidente e Kosov\u00ebs, ka th\u00ebn\u00eb se Kosova nuk po refuzon n\u00eb asnj\u00eb rast zbatimin e Asociacionit t\u00eb komunave me shumic\u00eb Serbe. Por, si\u00e7 thot\u00eb Osmani gjat\u00eb nj\u00eb interviste p\u00ebr \u201cZ\u00ebrin e Amerik\u00ebs\u201d, q\u00eb Asociacioni \u00ebsht\u00eb n\u00eb kuad\u00ebr t\u00eb nj\u00eb procesi \u2013 dhe ai proces \u00ebsht\u00eb marr\u00ebveshja bazike. Tutje, Kosova ka th\u00ebn\u00eb se Kosova ka t\u00eb drejta t\u00eb avancuara p\u00ebr komunitetet joetnike, duke e pasur theksin&#8230;<\/p>\n<p><a href=\"https:\/\/ekonomiaonline.com\/osmani-kosova-spo-thote-se-nuk-zbatohet-asociacioni-por-ai-i-pakeson-te-drejtat-e-qytetareve-i-fuqizon-lideret-e-tij\/\" rel=\"nofollow\">Source<\/a><\/p>\n","protected":false},"excerpt":{"rendered":"<p>Vjosa Osmani, presidente e Kosov\u00ebs, ka th\u00ebn\u00eb se Kosova nuk po refuzon n\u00eb asnj\u00eb rast zbatimin e Asociacionit t\u00eb komunave me shumic\u00eb Serbe. Por, si\u00e7 thot\u00eb Osmani gjat\u00eb nj\u00eb interviste p\u00ebr \u201cZ\u00ebrin e Amerik\u00ebs\u201d, q\u00eb Asociacioni \u00ebsht\u00eb n\u00eb kuad\u00ebr t\u00eb nj\u00eb procesi \u2013 dhe ai proces \u00ebsht\u00eb marr\u00ebveshja bazike. Tutje, Kosova ka th\u00ebn\u00eb se Kosova [&hellip;]<\/p>\n","protected":false},"author":1,"featured_media":6239,"comment_status":"open","ping_status":"open","sticky":false,"template":"","format":"standard","meta":{"footnotes":""},"categories":[19],"tags":[],"class_list":["post-6238","post","type-post","status-publish","format-standard","has-post-thumbnail","hentry","category-eko"],"_links":{"self":[{"href":"https:\/\/radiogjilani.com\/index.php\/wp-json\/wp\/v2\/posts\/6238","targetHints":{"allow":["GET"]}}],"collection":[{"href":"https:\/\/radiogjilani.com\/index.php\/wp-json\/wp\/v2\/posts"}],"about":[{"href":"https:\/\/radiogjilani.com\/index.php\/wp-json\/wp\/v2\/types\/post"}],"author":[{"embeddable":true,"href":"https:\/\/radiogjilani.com\/index.php\/wp-json\/wp\/v2\/users\/1"}],"replies":[{"embeddable":true,"href":"https:\/\/radiogjilani.com\/index.php\/wp-json\/wp\/v2\/comments?post=6238"}],"version-history":[{"count":0,"href":"https:\/\/radiogjilani.com\/index.php\/wp-json\/wp\/v2\/posts\/6238\/revisions"}],"wp:featuredmedia":[{"embeddable":true,"href":"https:\/\/radiogjilani.com\/index.php\/wp-json\/wp\/v2\/media\/6239"}],"wp:attachment":[{"href":"https:\/\/radiogjilani.com\/index.php\/wp-json\/wp\/v2\/media?parent=6238"}],"wp:term":[{"taxonomy":"category","embeddable":true,"href":"https:\/\/radiogjilani.com\/index.php\/wp-json\/wp\/v2\/categories?post=6238"},{"taxonomy":"post_tag","embeddable":true,"href":"https:\/\/radiogjilani.com\/index.php\/wp-json\/wp\/v2\/tags?post=6238"}],"curies":[{"name":"wp","href":"https:\/\/api.w.org\/{rel}","templated":true}]}}