{"id":6302,"date":"2024-07-12T00:20:45","date_gmt":"2024-07-12T00:20:45","guid":{"rendered":"https:\/\/radiogjilani.com\/index.php\/2024\/07\/12\/kurti-mirepret-nje-delegacion-nga-bosnja-dhe-hercegovina-i-dhurojne-simbolin-e-lules-se-srebrenices\/"},"modified":"2024-07-12T00:20:45","modified_gmt":"2024-07-12T00:20:45","slug":"kurti-mirepret-nje-delegacion-nga-bosnja-dhe-hercegovina-i-dhurojne-simbolin-e-lules-se-srebrenices","status":"publish","type":"post","link":"https:\/\/radiogjilani.com\/index.php\/2024\/07\/12\/kurti-mirepret-nje-delegacion-nga-bosnja-dhe-hercegovina-i-dhurojne-simbolin-e-lules-se-srebrenices\/","title":{"rendered":"Kurti mir\u00ebpret nj\u00eb delegacion nga Bosnja dhe Hercegovina, i dhurojn\u00eb simbolin e Lules s\u00eb Srebrenic\u00ebs"},"content":{"rendered":"<p>Kryeministri i Kosov\u00ebs, Albin Kurti ka mir\u00ebpritur n\u00eb zyr\u00ebn e tij nj\u00eb delegacion nga Bosnja dhe Hercegovina, t\u00eb cil\u00ebve Kurti u ka mir\u00ebseardhje, duke theksuar r\u00ebnd\u00ebsin\u00eb e mbajtjes s\u00eb kujtimit t\u00eb t\u00eb kaluar\u00ebs p\u00ebr t\u00eb nxjerr\u00eb m\u00ebsime p\u00ebr t\u00eb ardhmen. Zyra e Kryeministrit ka njoftuar se ky delegacioni i dhuruan kryeministrit simbolin e Lules s\u00eb Srebrenic\u00ebs. \u201cDelegacioni p\u00ebrfshinte personalitete t\u00eb shquara&#8230;<\/p>\n<p><a href=\"https:\/\/ekonomiaonline.com\/kurti-mirepret-nje-delegacion-nga-bosnja-dhe-hercegovina-i-dhurojne-simbolin-e-lules-se-srebrenices\/\" rel=\"nofollow\">Source<\/a><\/p>\n","protected":false},"excerpt":{"rendered":"<p>Kryeministri i Kosov\u00ebs, Albin Kurti ka mir\u00ebpritur n\u00eb zyr\u00ebn e tij nj\u00eb delegacion nga Bosnja dhe Hercegovina, t\u00eb cil\u00ebve Kurti u ka mir\u00ebseardhje, duke theksuar r\u00ebnd\u00ebsin\u00eb e mbajtjes s\u00eb kujtimit t\u00eb t\u00eb kaluar\u00ebs p\u00ebr t\u00eb nxjerr\u00eb m\u00ebsime p\u00ebr t\u00eb ardhmen. Zyra e Kryeministrit ka njoftuar se ky delegacioni i dhuruan kryeministrit simbolin e Lules s\u00eb [&hellip;]<\/p>\n","protected":false},"author":1,"featured_media":6303,"comment_status":"open","ping_status":"open","sticky":false,"template":"","format":"standard","meta":{"footnotes":""},"categories":[19],"tags":[],"class_list":["post-6302","post","type-post","status-publish","format-standard","has-post-thumbnail","hentry","category-eko"],"_links":{"self":[{"href":"https:\/\/radiogjilani.com\/index.php\/wp-json\/wp\/v2\/posts\/6302","targetHints":{"allow":["GET"]}}],"collection":[{"href":"https:\/\/radiogjilani.com\/index.php\/wp-json\/wp\/v2\/posts"}],"about":[{"href":"https:\/\/radiogjilani.com\/index.php\/wp-json\/wp\/v2\/types\/post"}],"author":[{"embeddable":true,"href":"https:\/\/radiogjilani.com\/index.php\/wp-json\/wp\/v2\/users\/1"}],"replies":[{"embeddable":true,"href":"https:\/\/radiogjilani.com\/index.php\/wp-json\/wp\/v2\/comments?post=6302"}],"version-history":[{"count":0,"href":"https:\/\/radiogjilani.com\/index.php\/wp-json\/wp\/v2\/posts\/6302\/revisions"}],"wp:featuredmedia":[{"embeddable":true,"href":"https:\/\/radiogjilani.com\/index.php\/wp-json\/wp\/v2\/media\/6303"}],"wp:attachment":[{"href":"https:\/\/radiogjilani.com\/index.php\/wp-json\/wp\/v2\/media?parent=6302"}],"wp:term":[{"taxonomy":"category","embeddable":true,"href":"https:\/\/radiogjilani.com\/index.php\/wp-json\/wp\/v2\/categories?post=6302"},{"taxonomy":"post_tag","embeddable":true,"href":"https:\/\/radiogjilani.com\/index.php\/wp-json\/wp\/v2\/tags?post=6302"}],"curies":[{"name":"wp","href":"https:\/\/api.w.org\/{rel}","templated":true}]}}