{"id":6304,"date":"2024-07-12T00:20:44","date_gmt":"2024-07-12T00:20:44","guid":{"rendered":"https:\/\/radiogjilani.com\/index.php\/2024\/07\/12\/kurti-ne-diten-kombetare-te-frances-ne-momentet-me-te-rendesishme-te-historise-sone-juve-ju-kemi-gjetur-ne-krah\/"},"modified":"2024-07-12T00:20:44","modified_gmt":"2024-07-12T00:20:44","slug":"kurti-ne-diten-kombetare-te-frances-ne-momentet-me-te-rendesishme-te-historise-sone-juve-ju-kemi-gjetur-ne-krah","status":"publish","type":"post","link":"https:\/\/radiogjilani.com\/index.php\/2024\/07\/12\/kurti-ne-diten-kombetare-te-frances-ne-momentet-me-te-rendesishme-te-historise-sone-juve-ju-kemi-gjetur-ne-krah\/","title":{"rendered":"Kurti n\u00eb Dit\u00ebn Komb\u00ebtare t\u00eb Franc\u00ebs: N\u00eb momentet m\u00eb t\u00eb r\u00ebnd\u00ebsishme t\u00eb historis\u00eb son\u00eb, juve ju kemi gjetur n\u00eb krah"},"content":{"rendered":"<p>Kryeministri i Kosov\u00ebs, Albin Kurti mori pjes\u00eb n\u00eb ngjarjen e organizuar nga ambasada franceze n\u00eb Kosov\u00eb, me rastin e sh\u00ebnimit t\u00eb dit\u00ebs komb\u00ebtare t\u00eb Franc\u00ebs. N\u00eb fjal\u00ebn e tij, kryeministri shprehu urimet ndaj Franc\u00ebs dhe popullit francez n\u00eb k\u00ebt\u00eb p\u00ebrvjetor t\u00eb fest\u00ebs s\u00eb tyre komb\u00ebtare. \u201cVera e vitit 1789 ishte nj\u00eb ver\u00eb historike, jo vet\u00ebm p\u00ebr popullin e Franc\u00ebs, por edhe p\u00ebr t\u00eb gjith\u00eb popujt q\u00eb duan&#8230;<\/p>\n<p><a href=\"https:\/\/ekonomiaonline.com\/kurti-ne-diten-kombetare-te-frances-ne-momentet-me-te-rendesishme-te-historise-sone-juve-ju-kemi-gjetur-ne-krah\/\" rel=\"nofollow\">Source<\/a><\/p>\n","protected":false},"excerpt":{"rendered":"<p>Kryeministri i Kosov\u00ebs, Albin Kurti mori pjes\u00eb n\u00eb ngjarjen e organizuar nga ambasada franceze n\u00eb Kosov\u00eb, me rastin e sh\u00ebnimit t\u00eb dit\u00ebs komb\u00ebtare t\u00eb Franc\u00ebs. N\u00eb fjal\u00ebn e tij, kryeministri shprehu urimet ndaj Franc\u00ebs dhe popullit francez n\u00eb k\u00ebt\u00eb p\u00ebrvjetor t\u00eb fest\u00ebs s\u00eb tyre komb\u00ebtare. \u201cVera e vitit 1789 ishte nj\u00eb ver\u00eb historike, jo vet\u00ebm [&hellip;]<\/p>\n","protected":false},"author":1,"featured_media":6305,"comment_status":"open","ping_status":"open","sticky":false,"template":"","format":"standard","meta":{"footnotes":""},"categories":[19],"tags":[],"class_list":["post-6304","post","type-post","status-publish","format-standard","has-post-thumbnail","hentry","category-eko"],"_links":{"self":[{"href":"https:\/\/radiogjilani.com\/index.php\/wp-json\/wp\/v2\/posts\/6304","targetHints":{"allow":["GET"]}}],"collection":[{"href":"https:\/\/radiogjilani.com\/index.php\/wp-json\/wp\/v2\/posts"}],"about":[{"href":"https:\/\/radiogjilani.com\/index.php\/wp-json\/wp\/v2\/types\/post"}],"author":[{"embeddable":true,"href":"https:\/\/radiogjilani.com\/index.php\/wp-json\/wp\/v2\/users\/1"}],"replies":[{"embeddable":true,"href":"https:\/\/radiogjilani.com\/index.php\/wp-json\/wp\/v2\/comments?post=6304"}],"version-history":[{"count":0,"href":"https:\/\/radiogjilani.com\/index.php\/wp-json\/wp\/v2\/posts\/6304\/revisions"}],"wp:featuredmedia":[{"embeddable":true,"href":"https:\/\/radiogjilani.com\/index.php\/wp-json\/wp\/v2\/media\/6305"}],"wp:attachment":[{"href":"https:\/\/radiogjilani.com\/index.php\/wp-json\/wp\/v2\/media?parent=6304"}],"wp:term":[{"taxonomy":"category","embeddable":true,"href":"https:\/\/radiogjilani.com\/index.php\/wp-json\/wp\/v2\/categories?post=6304"},{"taxonomy":"post_tag","embeddable":true,"href":"https:\/\/radiogjilani.com\/index.php\/wp-json\/wp\/v2\/tags?post=6304"}],"curies":[{"name":"wp","href":"https:\/\/api.w.org\/{rel}","templated":true}]}}