{"id":6318,"date":"2024-07-12T00:21:24","date_gmt":"2024-07-12T00:21:24","guid":{"rendered":"https:\/\/radiogjilani.com\/index.php\/2024\/07\/12\/haradinaj-akuzon-rende-kurtin-sherbetor-i-serbise-dhe-rusise\/"},"modified":"2024-07-12T00:21:24","modified_gmt":"2024-07-12T00:21:24","slug":"haradinaj-akuzon-rende-kurtin-sherbetor-i-serbise-dhe-rusise","status":"publish","type":"post","link":"https:\/\/radiogjilani.com\/index.php\/2024\/07\/12\/haradinaj-akuzon-rende-kurtin-sherbetor-i-serbise-dhe-rusise\/","title":{"rendered":"Haradinaj akuzon r\u00ebnd\u00eb Kurtin: Sh\u00ebrb\u00ebtor i Serbis\u00eb dhe Rusis\u00eb"},"content":{"rendered":"<p>Kryetari i Aleanc\u00ebs p\u00ebr Ardhm\u00ebrin\u00eb e Kosov\u00ebs (AAK), Ramush Haradinaj, n\u00eb nj\u00eb intervist\u00eb p\u00ebr <a href=\"https:\/\/www.youtube.com\/watch?v=NlbkzqLpsgI\">televizionin 7<\/a> t\u00eb enjten, ka akuzuar r\u00ebnd\u00eb kryeministrin kosovar, Albin Kurti, duke insistuar se ai i sh\u00ebrben agjend\u00ebs serbo-ruse, por nuk ka dh\u00ebn\u00eb fakte rreth k\u00ebtij pretendimi. Megjithat\u00eb, ai ka p\u00ebrmendur \u201cprishjen\u201d e raporteve me bashk\u00ebsin\u00eb e organizuar nd\u00ebrkomb\u00ebtare.<\/p>\n<p>\u201cSjellja e Kurtit jo vet\u00ebm q\u00eb del nga bindjet tradicionale t\u00eb besnik\u00ebris\u00eb ndaj aleat\u00ebve, por del edhe nga kontrata ndaj s\u00eb cil\u00ebs ka obligime\u2026 Un\u00eb mendoj q\u00eb kjo nuk \u00ebsht\u00eb vet\u00ebm\u00a0nj\u00eb etap\u00eb e re e t\u00eb menduarit politik, por \u00ebsht\u00eb rezultat i pun\u00ebs s\u00eb mir\u00eb t\u00eb kund\u00ebrshtar\u00ebve t\u00eb Kosov\u00ebs\u2026 Kurti dhe nj\u00eb pjes\u00eb e L\u00ebvizjes Vet\u00ebvendosje (LVV) jan\u00eb sh\u00ebrb\u00ebtor\u00eb t\u00eb Serbis\u00eb e Rusis\u00eb\u201d.<\/p>\n<p>Kjo nuk \u00ebsht\u00eb hera e par\u00eb q\u00eb Haradinaj e akuzon kreun e ekzekutivit kosovar p\u00ebr \u201ctradhti\u201d ndaj interesave komb\u00ebtare t\u00eb Kosov\u00ebs, posa\u00e7\u00ebrisht sa i p\u00ebrket rrjedh\u00ebs aktuale n\u00eb dialogun p\u00ebr normalizimin e marr\u00ebdh\u00ebnieve nd\u00ebrmjet Kosov\u00ebs dhe Serbis\u00eb n\u00ebn nd\u00ebrmjet\u00ebsimin e Bashkimit Evropian (BE).<\/p>\n<p>Nj\u00eb jav\u00eb m\u00eb par\u00eb, kreu i AAK-s\u00eb e quajti Kurtin \u201cmashtrues ordiner\u201d q\u00eb devijoi rrug\u00ebn e Kosov\u00ebs nga an\u00ebtar\u00ebsimi n\u00eb BE dhe NATO. N\u00eb t\u00eb kaluar\u00ebn, ish-kryeministri i Kosov\u00ebs ka ngritur gjithashtu pretendime se lideri i LVV-s\u00eb ka qen\u00eb n\u00eb nj\u00eb lidhje t\u00eb gjat\u00eb dashurie me vajz\u00ebn e nj\u00eb ish-ministri serb.<\/p>\n<div class=\"iframe-container\"><\/div>\n<blockquote class=\"wp-embedded-content\" data-secret=\"tjA1ZGVMSy\">\n<p><a href=\"https:\/\/albanianpost.com\/haradinaj-vazhdimisht-po-i-thote-kurtit-se-eshte-njeri-i-serbise-pse-kryeministri-spo-i-reagon\/\">Haradinaj vazhdimisht po i thot\u00eb Kurtit se \u201c\u00ebsht\u00eb njeri i Serbis\u00eb\u201d, pse kryeministri s\u2019po i reagon?<\/a><\/p>\n<\/blockquote>\n<p>The post <a rel=\"nofollow\" href=\"https:\/\/albanianpost.com\/haradinaj-akuzon-rende-kurtin-sherbetor-i-serbise-dhe-rusise\/\">Haradinaj akuzon r\u00ebnd\u00eb Kurtin: Sh\u00ebrb\u00ebtor i Serbis\u00eb dhe Rusis\u00eb<\/a> appeared first on <a rel=\"nofollow\" href=\"https:\/\/albanianpost.com\/\">Albanian Post<\/a>.<\/p>\n","protected":false},"excerpt":{"rendered":"<p>Kryetari i Aleanc\u00ebs p\u00ebr Ardhm\u00ebrin\u00eb e Kosov\u00ebs (AAK), Ramush Haradinaj, n\u00eb nj\u00eb intervist\u00eb p\u00ebr televizionin 7 t\u00eb enjten, ka akuzuar r\u00ebnd\u00eb kryeministrin kosovar, Albin Kurti, duke insistuar se ai i sh\u00ebrben agjend\u00ebs serbo-ruse, por nuk ka dh\u00ebn\u00eb fakte rreth k\u00ebtij pretendimi. Megjithat\u00eb, ai ka p\u00ebrmendur \u201cprishjen\u201d e raporteve me bashk\u00ebsin\u00eb e organizuar nd\u00ebrkomb\u00ebtare. \u201cSjellja e [&hellip;]<\/p>\n","protected":false},"author":1,"featured_media":6319,"comment_status":"open","ping_status":"open","sticky":false,"template":"","format":"standard","meta":{"footnotes":""},"categories":[1],"tags":[],"class_list":["post-6318","post","type-post","status-publish","format-standard","has-post-thumbnail","hentry","category-uncategorized"],"_links":{"self":[{"href":"https:\/\/radiogjilani.com\/index.php\/wp-json\/wp\/v2\/posts\/6318","targetHints":{"allow":["GET"]}}],"collection":[{"href":"https:\/\/radiogjilani.com\/index.php\/wp-json\/wp\/v2\/posts"}],"about":[{"href":"https:\/\/radiogjilani.com\/index.php\/wp-json\/wp\/v2\/types\/post"}],"author":[{"embeddable":true,"href":"https:\/\/radiogjilani.com\/index.php\/wp-json\/wp\/v2\/users\/1"}],"replies":[{"embeddable":true,"href":"https:\/\/radiogjilani.com\/index.php\/wp-json\/wp\/v2\/comments?post=6318"}],"version-history":[{"count":0,"href":"https:\/\/radiogjilani.com\/index.php\/wp-json\/wp\/v2\/posts\/6318\/revisions"}],"wp:featuredmedia":[{"embeddable":true,"href":"https:\/\/radiogjilani.com\/index.php\/wp-json\/wp\/v2\/media\/6319"}],"wp:attachment":[{"href":"https:\/\/radiogjilani.com\/index.php\/wp-json\/wp\/v2\/media?parent=6318"}],"wp:term":[{"taxonomy":"category","embeddable":true,"href":"https:\/\/radiogjilani.com\/index.php\/wp-json\/wp\/v2\/categories?post=6318"},{"taxonomy":"post_tag","embeddable":true,"href":"https:\/\/radiogjilani.com\/index.php\/wp-json\/wp\/v2\/tags?post=6318"}],"curies":[{"name":"wp","href":"https:\/\/api.w.org\/{rel}","templated":true}]}}