{"id":6322,"date":"2024-07-12T00:21:22","date_gmt":"2024-07-12T00:21:22","guid":{"rendered":"https:\/\/radiogjilani.com\/index.php\/2024\/07\/12\/lideret-e-nato-s-shume-te-shqetesuar-per-potencialin-e-perkeqesimit-te-tensioneve-midis-kosoves-dhe-serbise\/"},"modified":"2024-07-12T00:21:22","modified_gmt":"2024-07-12T00:21:22","slug":"lideret-e-nato-s-shume-te-shqetesuar-per-potencialin-e-perkeqesimit-te-tensioneve-midis-kosoves-dhe-serbise","status":"publish","type":"post","link":"https:\/\/radiogjilani.com\/index.php\/2024\/07\/12\/lideret-e-nato-s-shume-te-shqetesuar-per-potencialin-e-perkeqesimit-te-tensioneve-midis-kosoves-dhe-serbise\/","title":{"rendered":"Lider\u00ebt e NATO-s \u201cshum\u00eb t\u00eb shqet\u00ebsuar\u201d p\u00ebr potencialin e \u201cp\u00ebrkeq\u00ebsimit t\u00eb tensioneve\u201d midis Kosov\u00ebs dhe Serbis\u00eb"},"content":{"rendered":"<p>Nj\u00eb zyrtar i NATO-s ka deklaruar t\u00eb enjten se aleanca \u00ebsht\u00eb \u201cshum\u00eb e shqet\u00ebsuar\u201d p\u00ebr situat\u00ebn r\u00ebnduar t\u00eb siguris\u00eb dhe potencialin e \u201cp\u00ebrkeq\u00ebsimit t\u00eb tensioneve\u201d midis Kosov\u00ebs dhe Serbis\u00eb, nd\u00ebrsa ka shtuar se \u00ebsht\u00eb e nevojshme q\u00eb Prishtina dhe Beogradi t\u00eb angazhohen n\u00eb procesin e dialogut t\u00eb leht\u00ebsuar nga Bashkimi Evropian (BE) p\u00ebr gjetjen e nj\u00eb zgjidhjeje politike.<\/p>\n<p>\u201cNe jemi t\u00eb mendimit q\u00eb zgjidhja dhe stabilizimi n\u00eb t\u00eb ardhmen i situat\u00ebs s\u00eb siguris\u00eb do t\u00eb varet plot\u00ebsisht nga zgjidhjet politike. E kemi theksuar vazhdimisht nevoj\u00ebn p\u00ebr dialog t\u00eb nd\u00ebrmjet\u00ebsuar nga BE-ja dhe angazhim konstruktiv diplomatik\u201d, u ka th\u00ebn\u00eb gazetar\u00ebve nj\u00eb zyrtar i aleanc\u00ebs n\u00eb kuad\u00ebr t\u00eb samitit t\u00eb Uashington t\u00eb Shteteve t\u00eb Bashkuara (SHBA).<\/p>\n<p>\u201cPo ashtu kemi theksuar nevoj\u00ebn p\u00ebr shmangien e veprimeve t\u00eb nj\u00ebanshme q\u00eb mund t\u00eb provokojn\u00eb incidente sigurie\u201d, ka shtuar ai, teksa ka folur p\u00ebr situat\u00ebn e siguris\u00eb n\u00eb Kosov\u00eb. \u201cNe vazhdojm\u00eb t\u2019i nxisim t\u00eb dyja pal\u00ebt q\u00eb t\u00eb angazhohen n\u00eb m\u00ebnyr\u00eb sa m\u00eb konstruktive, sepse e vetmja zgjidhje e v\u00ebrtet\u00eb e situat\u00ebs \u00ebsht\u00eb zgjidhja politike\u201d, ka theksuar ai sipas \u201c<a href=\"https:\/\/www.zeriamerikes.com\/a\/7694213.html\">Z\u00ebrit t\u00eb Amerik\u00ebs<\/a>\u201d.<\/p>\n<p>Sot, siguria n\u00eb Kosov\u00eb mbik\u00ebqyret nga misioni paqeruajt\u00ebs i NATO-s (KFOR). Por, pavar\u00ebsisht pranis\u00eb ushtarake t\u00eb NATO-s, shtatorin e vitit t\u00eb kaluar ndodhi nj\u00eb sulm i armatosur nga nj\u00eb grup i paramilitar\u00ebve serb\u00eb n\u00eb Banjsk\u00eb t\u00eb Zve\u00e7anit, n\u00eb pjes\u00ebn veriore t\u00eb Kosov\u00ebs t\u00eb banuar me shumic\u00eb serbe, duke ngritur shqet\u00ebsime serioze p\u00ebr stabilitetin e Ballkanit Per\u00ebndimor.<\/p>\n<div class=\"iframe-container\"><\/div>\n<p>Pas shp\u00ebrthimit t\u00eb dhun\u00ebs vitin e kaluar n\u00eb veriun e trazuar t\u00eb vendit, aleat\u00ebt dislokuan rreth 1 mij\u00eb forca shtes\u00eb n\u00eb Kosov\u00eb \u2013 prezenca m\u00eb e madhe e NATO-s n\u00eb dhjet\u00eb vitet e fundit. Gjithashtu, misioni i KFOR-it trefishoi numrin e patrullave, duke p\u00ebrfshir\u00eb edhe kontrollet p\u00ebrgjat\u00eb vij\u00ebs kufitare.<\/p>\n<p>Zyrtari i NATO-s, emri i t\u00eb cilit nuk \u00ebsht\u00eb publikuar, ka kujtuar gjithashtu sulmin e dhunsh\u00ebm t\u00eb protestuesve serb\u00eb ndaj paqeruajt\u00ebsve t\u00eb KFOR-it n\u00eb maj t\u00eb vitit t\u00eb kaluar n\u00eb veri t\u00eb Kosov\u00ebs: \u201c\u00cbsht\u00eb shum\u00eb e r\u00ebnd\u00ebsishme p\u00ebr NATO-n, jo vet\u00ebm pse ushtar\u00ebt tan\u00eb u plagos\u00ebn m\u00eb 29 maj, por sepse pranimi i p\u00ebrgjegj\u00ebsis\u00eb \u00ebsht\u00eb pjes\u00eb e ecjes p\u00ebrpara n\u00eb k\u00ebt\u00eb proces politik\u201d.<\/p>\n<p>Ndryshe, p\u00ebr shum\u00eb v\u00ebzhgues t\u00eb huaj e vendor\u00eb, perspektiva e rr\u00ebshqitjes drejt skajeve t\u00eb kriz\u00ebs nuk mund t\u00eb izolohet; derisa u krijohet mund\u00ebsia lojtar\u00ebve rajonal\u00eb t\u00eb lidhur me interesat ruse t\u00eb zgjerojn\u00eb hijen k\u00ebrc\u00ebnuese dhe t\u00eb provokojn\u00eb konflikte nd\u00ebretnike, rreziku i rip\u00ebrshkall\u00ebzimit rri i varur mbi mbar\u00eb rajonin e Ballkanin Per\u00ebndimor t\u00eb ngjeshur nga tensionet.<\/p>\n<p>The post <a rel=\"nofollow\" href=\"https:\/\/albanianpost.com\/lideret-e-nato-s-shume-te-shqetesuar-per-potencialin-e-perkeqesimit-te-tensioneve-midis-kosoves-dhe-serbise\/\">Lider\u00ebt e NATO-s \u201cshum\u00eb t\u00eb shqet\u00ebsuar\u201d p\u00ebr potencialin e \u201cp\u00ebrkeq\u00ebsimit t\u00eb tensioneve\u201d midis Kosov\u00ebs dhe Serbis\u00eb<\/a> appeared first on <a rel=\"nofollow\" href=\"https:\/\/albanianpost.com\/\">Albanian Post<\/a>.<\/p>\n","protected":false},"excerpt":{"rendered":"<p>Nj\u00eb zyrtar i NATO-s ka deklaruar t\u00eb enjten se aleanca \u00ebsht\u00eb \u201cshum\u00eb e shqet\u00ebsuar\u201d p\u00ebr situat\u00ebn r\u00ebnduar t\u00eb siguris\u00eb dhe potencialin e \u201cp\u00ebrkeq\u00ebsimit t\u00eb tensioneve\u201d midis Kosov\u00ebs dhe Serbis\u00eb, nd\u00ebrsa ka shtuar se \u00ebsht\u00eb e nevojshme q\u00eb Prishtina dhe Beogradi t\u00eb angazhohen n\u00eb procesin e dialogut t\u00eb leht\u00ebsuar nga Bashkimi Evropian (BE) p\u00ebr gjetjen e [&hellip;]<\/p>\n","protected":false},"author":1,"featured_media":6323,"comment_status":"open","ping_status":"open","sticky":false,"template":"","format":"standard","meta":{"footnotes":""},"categories":[1],"tags":[],"class_list":["post-6322","post","type-post","status-publish","format-standard","has-post-thumbnail","hentry","category-uncategorized"],"_links":{"self":[{"href":"https:\/\/radiogjilani.com\/index.php\/wp-json\/wp\/v2\/posts\/6322","targetHints":{"allow":["GET"]}}],"collection":[{"href":"https:\/\/radiogjilani.com\/index.php\/wp-json\/wp\/v2\/posts"}],"about":[{"href":"https:\/\/radiogjilani.com\/index.php\/wp-json\/wp\/v2\/types\/post"}],"author":[{"embeddable":true,"href":"https:\/\/radiogjilani.com\/index.php\/wp-json\/wp\/v2\/users\/1"}],"replies":[{"embeddable":true,"href":"https:\/\/radiogjilani.com\/index.php\/wp-json\/wp\/v2\/comments?post=6322"}],"version-history":[{"count":0,"href":"https:\/\/radiogjilani.com\/index.php\/wp-json\/wp\/v2\/posts\/6322\/revisions"}],"wp:featuredmedia":[{"embeddable":true,"href":"https:\/\/radiogjilani.com\/index.php\/wp-json\/wp\/v2\/media\/6323"}],"wp:attachment":[{"href":"https:\/\/radiogjilani.com\/index.php\/wp-json\/wp\/v2\/media?parent=6322"}],"wp:term":[{"taxonomy":"category","embeddable":true,"href":"https:\/\/radiogjilani.com\/index.php\/wp-json\/wp\/v2\/categories?post=6322"},{"taxonomy":"post_tag","embeddable":true,"href":"https:\/\/radiogjilani.com\/index.php\/wp-json\/wp\/v2\/tags?post=6322"}],"curies":[{"name":"wp","href":"https:\/\/api.w.org\/{rel}","templated":true}]}}