{"id":6376,"date":"2024-07-13T00:24:44","date_gmt":"2024-07-13T00:24:44","guid":{"rendered":"https:\/\/radiogjilani.com\/index.php\/2024\/07\/13\/nje-person-ne-gjendje-kritike-nga-therja-me-thike-ne-peje-dergohet-ne-qkuk\/"},"modified":"2024-07-13T00:24:44","modified_gmt":"2024-07-13T00:24:44","slug":"nje-person-ne-gjendje-kritike-nga-therja-me-thike-ne-peje-dergohet-ne-qkuk","status":"publish","type":"post","link":"https:\/\/radiogjilani.com\/index.php\/2024\/07\/13\/nje-person-ne-gjendje-kritike-nga-therja-me-thike-ne-peje-dergohet-ne-qkuk\/","title":{"rendered":"Nj\u00eb person n\u00eb gjendje kritike nga therja me thik\u00eb n\u00eb Pej\u00eb \u2013 d\u00ebrgohet n\u00eb QKUK"},"content":{"rendered":"<p>Nj\u00eb person \u00ebsht\u00eb n\u00eb gjendje t\u00eb r\u00ebnd\u00eb sh\u00ebndet\u00ebsore p\u00ebr shkak t\u00eb plag\u00ebve t\u00eb r\u00ebnda q\u00eb ka marr\u00eb nga therja me thik\u00eb q\u00eb ka ndodhur n\u00eb komun\u00ebn e Pej\u00ebs.<\/p>\n<p>Lajmin p\u00ebr Albanian Post e ka konfirmuar z\u00ebdh\u00ebn\u00ebsi i Policis\u00eb s\u00eb Kosov\u00ebs, Fadil Gashi.<\/p>\n<p>\u201cRreth 19:30 policia \u00ebsht\u00eb njoftuar p\u00ebr nj\u00eb rrahje n\u00eb rrug\u00ebn Jeton Dedushaj n\u00eb Pej\u00eb, gjat\u00eb p\u00ebrleshjes \u00ebsht\u00eb p\u00ebrdorur mjeti mpreht\u00eb thik\u00eb, me q\u00eb rast nj\u00eb person \u00ebsht\u00eb ther\u00eb me thik\u00eb dhe \u00ebsht\u00eb d\u00ebrguar p\u00ebr trajtim n\u00eb spitalin rajonal\u201d.<\/p>\n<p>Gashi, ka th\u00ebn\u00eb se t\u00eb dyshuarit jan\u00eb larguar nga vendi i ngjarjes n\u00eb drejtim t\u00eb panjohur.<\/p>\n<div class=\"iframe-container\"><\/div>\n<p>Nd\u00ebrsa, z\u00ebdh\u00ebn\u00ebsi i Prokuroris\u00eb Themelore n\u00eb Pej\u00eb, Shkodran Nikqi, konfirmoi p\u00ebr Albanian Post se i plagosuri p\u00ebr shkak t\u00eb gjendjes s\u00eb r\u00ebnd\u00eb \u00ebsht\u00eb d\u00ebrguar n\u00eb Qendr\u00ebn Klinike Universitare t\u00eb Kosov\u00ebs (QKUK).<\/p>\n<p>\u201cNj\u00eb person \u00ebsht\u00eb plagosur me thik\u00eb, p\u00ebr k\u00ebt\u00eb \u00e7\u00ebshtje menj\u00ebher\u00eb ka dal\u00eb n\u00eb vendin e ngjarjes policia dhe prokurori i Krimeve t\u00eb R\u00ebnda. Viktima \u00ebsht\u00eb d\u00ebrguar p\u00ebr trajtim mjek\u00ebsor n\u00eb QKUK p\u00ebr shkak t\u00eb gjendjes s\u00eb r\u00ebnd\u00eb\u201d.<\/p>\n<p>Ai ka theksuar se \u00ebsht\u00eb duke u b\u00ebr\u00eb p\u00ebrpjekje maksimale p\u00ebr ta arrestuar personin e dyshuar.<\/p>\n<p>Nd\u00ebrkaq, n\u00eb vendin e ngjarjes jan\u00eb duke u kryer ekzaminimet e nevojshme sipas institucioneve.<\/p>\n<p>The post <a rel=\"nofollow\" href=\"https:\/\/albanianpost.com\/nje-person-ne-gjendje-kritike-nga-therja-me-thike-ne-peje-dergohet-ne-qkuk\/\">Nj\u00eb person n\u00eb gjendje kritike nga therja me thik\u00eb n\u00eb Pej\u00eb \u2013 d\u00ebrgohet n\u00eb QKUK<\/a> appeared first on <a rel=\"nofollow\" href=\"https:\/\/albanianpost.com\/\">Albanian Post<\/a>.<\/p>\n","protected":false},"excerpt":{"rendered":"<p>Nj\u00eb person \u00ebsht\u00eb n\u00eb gjendje t\u00eb r\u00ebnd\u00eb sh\u00ebndet\u00ebsore p\u00ebr shkak t\u00eb plag\u00ebve t\u00eb r\u00ebnda q\u00eb ka marr\u00eb nga therja me thik\u00eb q\u00eb ka ndodhur n\u00eb komun\u00ebn e Pej\u00ebs. Lajmin p\u00ebr Albanian Post e ka konfirmuar z\u00ebdh\u00ebn\u00ebsi i Policis\u00eb s\u00eb Kosov\u00ebs, Fadil Gashi. \u201cRreth 19:30 policia \u00ebsht\u00eb njoftuar p\u00ebr nj\u00eb rrahje n\u00eb rrug\u00ebn Jeton Dedushaj n\u00eb [&hellip;]<\/p>\n","protected":false},"author":1,"featured_media":6377,"comment_status":"open","ping_status":"open","sticky":false,"template":"","format":"standard","meta":{"footnotes":""},"categories":[1],"tags":[],"class_list":["post-6376","post","type-post","status-publish","format-standard","has-post-thumbnail","hentry","category-uncategorized"],"_links":{"self":[{"href":"https:\/\/radiogjilani.com\/index.php\/wp-json\/wp\/v2\/posts\/6376","targetHints":{"allow":["GET"]}}],"collection":[{"href":"https:\/\/radiogjilani.com\/index.php\/wp-json\/wp\/v2\/posts"}],"about":[{"href":"https:\/\/radiogjilani.com\/index.php\/wp-json\/wp\/v2\/types\/post"}],"author":[{"embeddable":true,"href":"https:\/\/radiogjilani.com\/index.php\/wp-json\/wp\/v2\/users\/1"}],"replies":[{"embeddable":true,"href":"https:\/\/radiogjilani.com\/index.php\/wp-json\/wp\/v2\/comments?post=6376"}],"version-history":[{"count":0,"href":"https:\/\/radiogjilani.com\/index.php\/wp-json\/wp\/v2\/posts\/6376\/revisions"}],"wp:featuredmedia":[{"embeddable":true,"href":"https:\/\/radiogjilani.com\/index.php\/wp-json\/wp\/v2\/media\/6377"}],"wp:attachment":[{"href":"https:\/\/radiogjilani.com\/index.php\/wp-json\/wp\/v2\/media?parent=6376"}],"wp:term":[{"taxonomy":"category","embeddable":true,"href":"https:\/\/radiogjilani.com\/index.php\/wp-json\/wp\/v2\/categories?post=6376"},{"taxonomy":"post_tag","embeddable":true,"href":"https:\/\/radiogjilani.com\/index.php\/wp-json\/wp\/v2\/tags?post=6376"}],"curies":[{"name":"wp","href":"https:\/\/api.w.org\/{rel}","templated":true}]}}