{"id":6380,"date":"2024-07-13T00:24:42","date_gmt":"2024-07-13T00:24:42","guid":{"rendered":"https:\/\/radiogjilani.com\/index.php\/2024\/07\/13\/hakerat-vjedhin-te-dhenat-e-pothuajse-te-gjithe-klienteve-te-att\/"},"modified":"2024-07-13T00:24:42","modified_gmt":"2024-07-13T00:24:42","slug":"hakerat-vjedhin-te-dhenat-e-pothuajse-te-gjithe-klienteve-te-att","status":"publish","type":"post","link":"https:\/\/radiogjilani.com\/index.php\/2024\/07\/13\/hakerat-vjedhin-te-dhenat-e-pothuajse-te-gjithe-klienteve-te-att\/","title":{"rendered":"Hakerat vjedhin t\u00eb dh\u00ebnat e \u2018pothuajse t\u00eb gjith\u00eb\u2019 klient\u00ebve t\u00eb AT&#038;T"},"content":{"rendered":"<p>Hakerat vodh\u00ebn t\u00eb dh\u00ebnat e telefonatave dhe regjistrimeve me tekst nga \u201cpothuajse t\u00eb gjith\u00eb\u201d 109 milion\u00eb klient\u00ebt e AT&#038;T Wireless, b\u00ebri t\u00eb ditur kompania e telekomunikacionit.<\/p>\n<p>Firma tha se nj\u00eb i dyshuar ishte arrestuar pasi t\u00eb dh\u00ebnat \u2013 nga maji deri n\u00eb tetor 2022 \u2013 u shkarkuan ilegalisht dhe u kopjuan n\u00eb nj\u00eb platform\u00eb t\u00eb pal\u00ebve t\u00eb treta k\u00ebt\u00eb prill.<\/p>\n<p>T\u00eb dh\u00ebnat e vjedhura nuk p\u00ebrmbanin p\u00ebrmbajtjen e thirrjeve apo teksteve, por regjistronin numrat e kontaktuar, si dhe numrin dhe koh\u00ebzgjatjen e nd\u00ebrveprimeve, tha kompania.<\/p>\n<p>Departamenti i Drejt\u00ebsis\u00eb tha se njoftimi i vonuar i hakimit ishte i justifikuar p\u00ebr arsye t\u00eb siguris\u00eb komb\u00ebtare.<\/p>\n<div class=\"iframe-container\"><\/div>\n<p>\u201cNa vjen keq sinqerisht p\u00ebr k\u00ebt\u00eb incident q\u00eb ndodhi dhe mbetemi t\u00eb p\u00ebrkushtuar p\u00ebr t\u00eb mbrojtur informacionin n\u00eb kujdesin ton\u00eb\u201d, tha AT&#038;T n\u00eb nj\u00eb deklarat\u00eb.<\/p>\n<p>Kompania tha n\u00eb paraqitjen e saj n\u00eb komisionin e letrave me vler\u00eb dhe k\u00ebmbimit se kishte siguruar sistemet e saj nga hakimet e tjera t\u00eb ngjashme dhe nuk besonte se ajo q\u00eb ishte vjedhur ishte e disponueshme publikisht.<\/p>\n<p>Po ashtu tha se s\u00eb pari m\u00ebsoi p\u00ebr shkeljen pes\u00eb dit\u00eb pasi haker\u00ebt filluan t\u00eb vidhnin t\u00eb dh\u00ebna m\u00eb 14 prill. Ata vazhduan ta b\u00ebjn\u00eb k\u00ebt\u00eb deri m\u00eb 25 prill, tha kompania.<\/p>\n<p>Ekspert\u00ebt kan\u00eb paralajm\u00ebruar se informacioni mund t\u00eb p\u00ebrdoret p\u00ebr t\u00eb identifikuar vendet e pun\u00ebs, vendndodhjet e p\u00ebraf\u00ebrta t\u00eb sht\u00ebpive, si dhe koleg\u00ebt dhe miqt\u00eb e mundsh\u00ebm.<\/p>\n<p>Shkelja vjen disa muaj pasi AT&#038;T zbuloi se t\u00eb dh\u00ebnat nga viti 2019 e 73 milion\u00eb klient\u00ebve t\u00eb m\u00ebparsh\u00ebm dhe aktual\u00eb ishin vjedhur dhe vendosur n\u00eb \u201crrjetin e err\u00ebt\u201d nga mashtruesit.<\/p>\n<p>AT&#038;T tha se do t\u00eb paralajm\u00ebronte klient\u00ebt e prekur. P\u00ebrdoruesit mund t\u00eb hyjn\u00eb gjithashtu n\u00eb llogarin\u00eb e tyre p\u00ebr t\u00eb par\u00eb n\u00ebse t\u00eb dh\u00ebnat e tyre jan\u00eb prekur dhe t\u00eb k\u00ebrkojn\u00eb nj\u00eb raport q\u00eb do t\u00eb ofronte nj\u00eb version m\u00eb miq\u00ebsor p\u00ebr p\u00ebrdoruesit q\u00eb tregon se \u00e7far\u00eb ishte komprometuar.<\/p>\n<p>Gjithashtu paralajm\u00ebroi p\u00ebrdoruesit t\u00eb jen\u00eb t\u00eb kujdessh\u00ebm n\u00eb lidhje me k\u00ebrkesat me email ose me tekst q\u00eb k\u00ebrkojn\u00eb informacion personal.<\/p>\n<p>The post <a rel=\"nofollow\" href=\"https:\/\/albanianpost.com\/hakerat-vjedhin-te-dhenat-e-pothuajse-te-gjithe-klienteve-te-att\/\">Hakerat vjedhin t\u00eb dh\u00ebnat e \u2018pothuajse t\u00eb gjith\u00eb\u2019 klient\u00ebve t\u00eb AT&#038;T<\/a> appeared first on <a rel=\"nofollow\" href=\"https:\/\/albanianpost.com\/\">Albanian Post<\/a>.<\/p>\n","protected":false},"excerpt":{"rendered":"<p>Hakerat vodh\u00ebn t\u00eb dh\u00ebnat e telefonatave dhe regjistrimeve me tekst nga \u201cpothuajse t\u00eb gjith\u00eb\u201d 109 milion\u00eb klient\u00ebt e AT&#038;T Wireless, b\u00ebri t\u00eb ditur kompania e telekomunikacionit. Firma tha se nj\u00eb i dyshuar ishte arrestuar pasi t\u00eb dh\u00ebnat \u2013 nga maji deri n\u00eb tetor 2022 \u2013 u shkarkuan ilegalisht dhe u kopjuan n\u00eb nj\u00eb platform\u00eb t\u00eb [&hellip;]<\/p>\n","protected":false},"author":1,"featured_media":6381,"comment_status":"open","ping_status":"open","sticky":false,"template":"","format":"standard","meta":{"footnotes":""},"categories":[1],"tags":[],"class_list":["post-6380","post","type-post","status-publish","format-standard","has-post-thumbnail","hentry","category-uncategorized"],"_links":{"self":[{"href":"https:\/\/radiogjilani.com\/index.php\/wp-json\/wp\/v2\/posts\/6380","targetHints":{"allow":["GET"]}}],"collection":[{"href":"https:\/\/radiogjilani.com\/index.php\/wp-json\/wp\/v2\/posts"}],"about":[{"href":"https:\/\/radiogjilani.com\/index.php\/wp-json\/wp\/v2\/types\/post"}],"author":[{"embeddable":true,"href":"https:\/\/radiogjilani.com\/index.php\/wp-json\/wp\/v2\/users\/1"}],"replies":[{"embeddable":true,"href":"https:\/\/radiogjilani.com\/index.php\/wp-json\/wp\/v2\/comments?post=6380"}],"version-history":[{"count":0,"href":"https:\/\/radiogjilani.com\/index.php\/wp-json\/wp\/v2\/posts\/6380\/revisions"}],"wp:featuredmedia":[{"embeddable":true,"href":"https:\/\/radiogjilani.com\/index.php\/wp-json\/wp\/v2\/media\/6381"}],"wp:attachment":[{"href":"https:\/\/radiogjilani.com\/index.php\/wp-json\/wp\/v2\/media?parent=6380"}],"wp:term":[{"taxonomy":"category","embeddable":true,"href":"https:\/\/radiogjilani.com\/index.php\/wp-json\/wp\/v2\/categories?post=6380"},{"taxonomy":"post_tag","embeddable":true,"href":"https:\/\/radiogjilani.com\/index.php\/wp-json\/wp\/v2\/tags?post=6380"}],"curies":[{"name":"wp","href":"https:\/\/api.w.org\/{rel}","templated":true}]}}