{"id":6382,"date":"2024-07-13T00:24:41","date_gmt":"2024-07-13T00:24:41","guid":{"rendered":"https:\/\/radiogjilani.com\/index.php\/2024\/07\/13\/hamza-ligji-i-kpm-se-dhe-kpk-se-rrezikon-integrimin-e-kosoves-ne-be\/"},"modified":"2024-07-13T00:24:41","modified_gmt":"2024-07-13T00:24:41","slug":"hamza-ligji-i-kpm-se-dhe-kpk-se-rrezikon-integrimin-e-kosoves-ne-be","status":"publish","type":"post","link":"https:\/\/radiogjilani.com\/index.php\/2024\/07\/13\/hamza-ligji-i-kpm-se-dhe-kpk-se-rrezikon-integrimin-e-kosoves-ne-be\/","title":{"rendered":"Hamza: Ligji i KPM-s\u00eb dhe KPK-s\u00eb rrezikon integrimin e Kosov\u00ebs n\u00eb BE"},"content":{"rendered":"<p>Kandidati p\u00ebr kryeminist\u00ebr nga radh\u00ebt e Partis\u00eb Demokratike t\u00eb Kosov\u00ebs (PDK) nj\u00ebher\u00ebsh edhe kryetari i Mitrovic\u00ebs, Bedri Hamza, ka reaguar ndaj miratimit t\u00eb Ligjit p\u00ebr Komisionin e Pavarur t\u00eb Mediave dhe Ligjin p\u00ebr K\u00ebshillin Prokurorial t\u00eb Kosov\u00ebs duke th\u00ebn\u00eb se nga p\u00ebrvoja e tij n\u00eb t\u00eb kaluar\u00ebn ligjet q\u00eb ishin miratuar kan\u00eb qen\u00eb n\u00eb harmonizim me standardet evropiane dhe praktikat demokratike.<\/p>\n<p>\u201c\u00cbsht\u00eb absurditet i llojit t\u00eb vet miratimi i dy ligjeve t\u00eb djeshme n\u00eb Kuvendin e Kosov\u00ebs, n\u00eb kund\u00ebrshtim me rekomandimet e BE-s\u00eb dhe organizatave vendore e nd\u00ebrkomb\u00ebtare\u201d.<\/p>\n<p>Sipas Hamz\u00ebs, \u201ckjo qasje e ka futur Kosov\u00ebn n\u00ebn sanksione. Kjo qasje po e largon Kosov\u00ebn nga rruga e integrimit n\u00eb BE dhe NATO\u201d.<\/p>\n<\/p>\n<div class=\"iframe-container\"><\/div>\n<p>Ai ka vler\u00ebsuar se rendi demokratik, liria e shprehjes dhe drejt\u00ebsia e pavarur jan\u00eb vlerat m\u00eb t\u00eb \u00e7muara n\u00eb bot\u00ebn demokratike.<\/p>\n<p>\u201cKosova duhet t\u2019i mbroj\u00eb k\u00ebto vlera, t\u2019i forcoj\u00eb k\u00ebto liri dhe jo t\u2019i cenoj\u00eb e sulmoj\u00eb!\u201d, ka shkruar ai n\u00eb rrjetin social \u2018Facebook\u2019.<\/p>\n<p>Pavar\u00ebsisht sugjerimeve t\u00eb BE-s\u00eb dhe KiE-s\u00eb q\u00eb projektligji t\u00eb ndryshohet p\u00ebr t\u00eb siguruar q\u00eb ai as t\u00eb mos minoj\u00eb pavar\u00ebsin\u00eb e KPM-s\u00eb e as t\u00eb mos krijoj\u00eb mosp\u00ebrputhje ligjore, por t\u00eb jet\u00eb n\u00eb p\u00ebrputhje me standared evropiane, legjislativi kosovar ka miratuar t\u00eb enjten projektligjin p\u00ebr KPM-n\u00eb.<\/p>\n<p>Partit\u00eb opozitare \u2013 PDK, LDK dhe AAK \u2013 kan\u00eb l\u00ebshuar sall\u00ebn n\u00eb momentin q\u00eb Kuvendi i Kosov\u00ebs ka votuar kund\u00ebr q\u00eb Projektligji p\u00ebr Zyrtar\u00ebt Publik, ai p\u00ebr Komisionin e Pavarur p\u00ebr Media dhe p\u00ebr K\u00ebshillin Prokurorial t\u00eb Kosov\u00ebs, t\u00eb kthehen p\u00ebr ri-shqyrtim Qeveris\u00eb s\u00eb Kosov\u00ebs, apo Komisionit p\u00ebrkat\u00ebs.<\/p>\n<p>Projektligjin p\u00ebr KPM-n\u00eb e pat\u00ebn kund\u00ebrshtuar edhe Asociacioni i Gazetar\u00ebve t\u00eb Kosov\u00ebs (AGK) dhe K\u00ebshilli i Mediave t\u00eb Shkruara t\u00eb Kosov\u00ebs (KMSHK), duke e cil\u00ebsuar si tentim t\u00eb Qeveris\u00eb s\u00eb Kosov\u00ebs n\u00ebn udh\u00ebheqjen e L\u00ebvizjes Vet\u00ebvendosje (LVV) p\u00ebr t\u2019i sulmuar mediat online q\u00eb prodhojn\u00eb materiale audio-vizuale, bashk\u00eb me k\u00ebrkes\u00ebn q\u00eb t\u00eb t\u00ebrhiqet nga kjo tentativ\u00eb.<\/p>\n<p>The post <a rel=\"nofollow\" href=\"https:\/\/albanianpost.com\/hamza-ligji-i-kpm-se-dhe-kpk-se-rrezikon-integrimin-e-kosoves-ne-be\/\">Hamza: Ligji i KPM-s\u00eb dhe KPK-s\u00eb rrezikon integrimin e Kosov\u00ebs n\u00eb BE<\/a> appeared first on <a rel=\"nofollow\" href=\"https:\/\/albanianpost.com\/\">Albanian Post<\/a>.<\/p>\n","protected":false},"excerpt":{"rendered":"<p>Kandidati p\u00ebr kryeminist\u00ebr nga radh\u00ebt e Partis\u00eb Demokratike t\u00eb Kosov\u00ebs (PDK) nj\u00ebher\u00ebsh edhe kryetari i Mitrovic\u00ebs, Bedri Hamza, ka reaguar ndaj miratimit t\u00eb Ligjit p\u00ebr Komisionin e Pavarur t\u00eb Mediave dhe Ligjin p\u00ebr K\u00ebshillin Prokurorial t\u00eb Kosov\u00ebs duke th\u00ebn\u00eb se nga p\u00ebrvoja e tij n\u00eb t\u00eb kaluar\u00ebn ligjet q\u00eb ishin miratuar kan\u00eb qen\u00eb n\u00eb harmonizim [&hellip;]<\/p>\n","protected":false},"author":1,"featured_media":6383,"comment_status":"open","ping_status":"open","sticky":false,"template":"","format":"standard","meta":{"footnotes":""},"categories":[1],"tags":[],"class_list":["post-6382","post","type-post","status-publish","format-standard","has-post-thumbnail","hentry","category-uncategorized"],"_links":{"self":[{"href":"https:\/\/radiogjilani.com\/index.php\/wp-json\/wp\/v2\/posts\/6382","targetHints":{"allow":["GET"]}}],"collection":[{"href":"https:\/\/radiogjilani.com\/index.php\/wp-json\/wp\/v2\/posts"}],"about":[{"href":"https:\/\/radiogjilani.com\/index.php\/wp-json\/wp\/v2\/types\/post"}],"author":[{"embeddable":true,"href":"https:\/\/radiogjilani.com\/index.php\/wp-json\/wp\/v2\/users\/1"}],"replies":[{"embeddable":true,"href":"https:\/\/radiogjilani.com\/index.php\/wp-json\/wp\/v2\/comments?post=6382"}],"version-history":[{"count":0,"href":"https:\/\/radiogjilani.com\/index.php\/wp-json\/wp\/v2\/posts\/6382\/revisions"}],"wp:featuredmedia":[{"embeddable":true,"href":"https:\/\/radiogjilani.com\/index.php\/wp-json\/wp\/v2\/media\/6383"}],"wp:attachment":[{"href":"https:\/\/radiogjilani.com\/index.php\/wp-json\/wp\/v2\/media?parent=6382"}],"wp:term":[{"taxonomy":"category","embeddable":true,"href":"https:\/\/radiogjilani.com\/index.php\/wp-json\/wp\/v2\/categories?post=6382"},{"taxonomy":"post_tag","embeddable":true,"href":"https:\/\/radiogjilani.com\/index.php\/wp-json\/wp\/v2\/tags?post=6382"}],"curies":[{"name":"wp","href":"https:\/\/api.w.org\/{rel}","templated":true}]}}