{"id":6448,"date":"2024-07-15T01:18:10","date_gmt":"2024-07-15T01:18:10","guid":{"rendered":"https:\/\/radiogjilani.com\/index.php\/2024\/07\/15\/gjukanoviqit-i-shtohen-masat-e-sigurise-pas-informacioneve-per-atentat\/"},"modified":"2024-07-15T01:18:10","modified_gmt":"2024-07-15T01:18:10","slug":"gjukanoviqit-i-shtohen-masat-e-sigurise-pas-informacioneve-per-atentat","status":"publish","type":"post","link":"https:\/\/radiogjilani.com\/index.php\/2024\/07\/15\/gjukanoviqit-i-shtohen-masat-e-sigurise-pas-informacioneve-per-atentat\/","title":{"rendered":"Gjukanoviqit i shtohen masat e siguris\u00eb pas informacioneve p\u00ebr atentat"},"content":{"rendered":"<p>Policia malazeze ka shtuar masat e siguris\u00eb ndaj ish-presidentit t\u00eb Malit t\u00eb Zi, Millo Gjukanoviq, pas informacioneve se ndaj tij po p\u00ebrgatitet nj\u00eb atentat. Kjo u b\u00eb e ditur m\u00eb 14 korrik, pasi nj\u00eb dit\u00eb m\u00eb par\u00eb disa media n\u00eb Mal t\u00eb Zi, t\u00eb cilat duke u thirrur n\u00eb burime nga sektori i siguris\u00eb, njoftuan se nj\u00eb grup kriminal nga rajoni po p\u00ebrgatitej t\u00eb vriste Gjukanoviqin dhe se ish-presidenti i Malit&#8230;<\/p>\n<p><a href=\"https:\/\/ekonomiaonline.com\/gjukanoviqit-i-shtohen-masat-e-sigurise-pas-informacioneve-per-atentat\/\" rel=\"nofollow\">Source<\/a><\/p>\n","protected":false},"excerpt":{"rendered":"<p>Policia malazeze ka shtuar masat e siguris\u00eb ndaj ish-presidentit t\u00eb Malit t\u00eb Zi, Millo Gjukanoviq, pas informacioneve se ndaj tij po p\u00ebrgatitet nj\u00eb atentat. Kjo u b\u00eb e ditur m\u00eb 14 korrik, pasi nj\u00eb dit\u00eb m\u00eb par\u00eb disa media n\u00eb Mal t\u00eb Zi, t\u00eb cilat duke u thirrur n\u00eb burime nga sektori i siguris\u00eb, njoftuan [&hellip;]<\/p>\n","protected":false},"author":1,"featured_media":6449,"comment_status":"open","ping_status":"open","sticky":false,"template":"","format":"standard","meta":{"footnotes":""},"categories":[19],"tags":[],"class_list":["post-6448","post","type-post","status-publish","format-standard","has-post-thumbnail","hentry","category-eko"],"_links":{"self":[{"href":"https:\/\/radiogjilani.com\/index.php\/wp-json\/wp\/v2\/posts\/6448","targetHints":{"allow":["GET"]}}],"collection":[{"href":"https:\/\/radiogjilani.com\/index.php\/wp-json\/wp\/v2\/posts"}],"about":[{"href":"https:\/\/radiogjilani.com\/index.php\/wp-json\/wp\/v2\/types\/post"}],"author":[{"embeddable":true,"href":"https:\/\/radiogjilani.com\/index.php\/wp-json\/wp\/v2\/users\/1"}],"replies":[{"embeddable":true,"href":"https:\/\/radiogjilani.com\/index.php\/wp-json\/wp\/v2\/comments?post=6448"}],"version-history":[{"count":0,"href":"https:\/\/radiogjilani.com\/index.php\/wp-json\/wp\/v2\/posts\/6448\/revisions"}],"wp:featuredmedia":[{"embeddable":true,"href":"https:\/\/radiogjilani.com\/index.php\/wp-json\/wp\/v2\/media\/6449"}],"wp:attachment":[{"href":"https:\/\/radiogjilani.com\/index.php\/wp-json\/wp\/v2\/media?parent=6448"}],"wp:term":[{"taxonomy":"category","embeddable":true,"href":"https:\/\/radiogjilani.com\/index.php\/wp-json\/wp\/v2\/categories?post=6448"},{"taxonomy":"post_tag","embeddable":true,"href":"https:\/\/radiogjilani.com\/index.php\/wp-json\/wp\/v2\/tags?post=6448"}],"curies":[{"name":"wp","href":"https:\/\/api.w.org\/{rel}","templated":true}]}}