{"id":6450,"date":"2024-07-15T01:18:09","date_gmt":"2024-07-15T01:18:09","guid":{"rendered":"https:\/\/radiogjilani.com\/index.php\/2024\/07\/15\/te-mbijetuarit-e-kancerit-vuajne-nga-stresi-post-traumatik\/"},"modified":"2024-07-15T01:18:09","modified_gmt":"2024-07-15T01:18:09","slug":"te-mbijetuarit-e-kancerit-vuajne-nga-stresi-post-traumatik","status":"publish","type":"post","link":"https:\/\/radiogjilani.com\/index.php\/2024\/07\/15\/te-mbijetuarit-e-kancerit-vuajne-nga-stresi-post-traumatik\/","title":{"rendered":"T\u00eb mbijetuarit e kancerit vuajn\u00eb nga stresi post-traumatik"},"content":{"rendered":"<p>Pacient\u00ebt q\u00eb i mbijetojn\u00eb kancerit p\u00ebrballen me nj\u00eb problem shum\u00eb t\u00eb madh. Ekspert\u00ebt kan\u00eb arritur n\u00eb konkluzionin se ata vuajn\u00eb nga stresi post-traumatik, t\u00eb shkaktuar nga trajtimi q\u00eb u kan\u00eb b\u00ebr\u00eb ndaj s\u00ebmundjes m\u00eb her\u00ebt. Por edhe te njer\u00ebzit q\u00eb diagnostikohen me k\u00ebt\u00eb s\u00ebmundje, numri i t\u00eb cil\u00ebve \u00ebsht\u00eb i madh n\u00eb Britani problemet emocionale rriten. Ekspert\u00ebt kan\u00eb studiuar rastet e pacient\u00ebve q\u00eb&#8230;<\/p>\n<p><a href=\"https:\/\/ekonomiaonline.com\/te-mbijetuarit-e-kancerit-vuajne-nga-stresi-post-traumatik\/\" rel=\"nofollow\">Source<\/a><\/p>\n","protected":false},"excerpt":{"rendered":"<p>Pacient\u00ebt q\u00eb i mbijetojn\u00eb kancerit p\u00ebrballen me nj\u00eb problem shum\u00eb t\u00eb madh. Ekspert\u00ebt kan\u00eb arritur n\u00eb konkluzionin se ata vuajn\u00eb nga stresi post-traumatik, t\u00eb shkaktuar nga trajtimi q\u00eb u kan\u00eb b\u00ebr\u00eb ndaj s\u00ebmundjes m\u00eb her\u00ebt. Por edhe te njer\u00ebzit q\u00eb diagnostikohen me k\u00ebt\u00eb s\u00ebmundje, numri i t\u00eb cil\u00ebve \u00ebsht\u00eb i madh n\u00eb Britani problemet emocionale [&hellip;]<\/p>\n","protected":false},"author":1,"featured_media":6451,"comment_status":"open","ping_status":"open","sticky":false,"template":"","format":"standard","meta":{"footnotes":""},"categories":[19],"tags":[],"class_list":["post-6450","post","type-post","status-publish","format-standard","has-post-thumbnail","hentry","category-eko"],"_links":{"self":[{"href":"https:\/\/radiogjilani.com\/index.php\/wp-json\/wp\/v2\/posts\/6450","targetHints":{"allow":["GET"]}}],"collection":[{"href":"https:\/\/radiogjilani.com\/index.php\/wp-json\/wp\/v2\/posts"}],"about":[{"href":"https:\/\/radiogjilani.com\/index.php\/wp-json\/wp\/v2\/types\/post"}],"author":[{"embeddable":true,"href":"https:\/\/radiogjilani.com\/index.php\/wp-json\/wp\/v2\/users\/1"}],"replies":[{"embeddable":true,"href":"https:\/\/radiogjilani.com\/index.php\/wp-json\/wp\/v2\/comments?post=6450"}],"version-history":[{"count":0,"href":"https:\/\/radiogjilani.com\/index.php\/wp-json\/wp\/v2\/posts\/6450\/revisions"}],"wp:featuredmedia":[{"embeddable":true,"href":"https:\/\/radiogjilani.com\/index.php\/wp-json\/wp\/v2\/media\/6451"}],"wp:attachment":[{"href":"https:\/\/radiogjilani.com\/index.php\/wp-json\/wp\/v2\/media?parent=6450"}],"wp:term":[{"taxonomy":"category","embeddable":true,"href":"https:\/\/radiogjilani.com\/index.php\/wp-json\/wp\/v2\/categories?post=6450"},{"taxonomy":"post_tag","embeddable":true,"href":"https:\/\/radiogjilani.com\/index.php\/wp-json\/wp\/v2\/tags?post=6450"}],"curies":[{"name":"wp","href":"https:\/\/api.w.org\/{rel}","templated":true}]}}