{"id":6484,"date":"2024-07-16T01:18:26","date_gmt":"2024-07-16T01:18:26","guid":{"rendered":"https:\/\/radiogjilani.com\/index.php\/2024\/07\/16\/osmani-ia-dorezon-flamurin-ekipit-olimpik-qe-do-ta-perfaqesoje-kosoven-ne-paris-nuk-eshte-vetem-arritje-personale-por-edhe-e-vendit\/"},"modified":"2024-07-16T01:18:26","modified_gmt":"2024-07-16T01:18:26","slug":"osmani-ia-dorezon-flamurin-ekipit-olimpik-qe-do-ta-perfaqesoje-kosoven-ne-paris-nuk-eshte-vetem-arritje-personale-por-edhe-e-vendit","status":"publish","type":"post","link":"https:\/\/radiogjilani.com\/index.php\/2024\/07\/16\/osmani-ia-dorezon-flamurin-ekipit-olimpik-qe-do-ta-perfaqesoje-kosoven-ne-paris-nuk-eshte-vetem-arritje-personale-por-edhe-e-vendit\/","title":{"rendered":"Osmani ia dor\u00ebzon flamurin ekipit olimpik q\u00eb do ta p\u00ebrfaq\u00ebsoj\u00eb Kosov\u00ebn n\u00eb Paris \u2013 \u201cNuk \u00ebsht\u00eb vet\u00ebm arritje personale, por edhe e vendit\u201d"},"content":{"rendered":"<p>Presidentja e Kosov\u00ebs, Vjosa Osmani, ia ka dor\u00ebzuar simbolikisht flamurin ekipin olimpik t\u00eb Kosov\u00ebs, i cili do t\u00eb marr\u00eb pjes\u00eb n\u00eb Loj\u00ebrat Olimpike \u201cParis 2024\u201d. Presidentja Osmani ka porositur garuesit se n\u00eb LO \u201cParis 2024\u201d, nuk e p\u00ebrfaq\u00ebsojn\u00eb vet\u00ebm veten e tyre dhe se suksesi i arritur nuk \u00ebsht\u00eb vet\u00ebm arritje personale po arritje e vendit, raporton Ekonomia Online. T\u00eb pranish\u00ebm n\u00eb k\u00ebt\u00eb ceremoni&#8230;<\/p>\n<p><a href=\"https:\/\/ekonomiaonline.com\/osmani-ia-dorezon-flamurin-ekipit-olimpik-qe-do-ta-perfaqesoje-kosoven-ne-lojerat-olimpike-paris-2024\/\" rel=\"nofollow\">Source<\/a><\/p>\n","protected":false},"excerpt":{"rendered":"<p>Presidentja e Kosov\u00ebs, Vjosa Osmani, ia ka dor\u00ebzuar simbolikisht flamurin ekipin olimpik t\u00eb Kosov\u00ebs, i cili do t\u00eb marr\u00eb pjes\u00eb n\u00eb Loj\u00ebrat Olimpike \u201cParis 2024\u201d. Presidentja Osmani ka porositur garuesit se n\u00eb LO \u201cParis 2024\u201d, nuk e p\u00ebrfaq\u00ebsojn\u00eb vet\u00ebm veten e tyre dhe se suksesi i arritur nuk \u00ebsht\u00eb vet\u00ebm arritje personale po arritje e [&hellip;]<\/p>\n","protected":false},"author":1,"featured_media":6485,"comment_status":"open","ping_status":"open","sticky":false,"template":"","format":"standard","meta":{"footnotes":""},"categories":[19],"tags":[],"class_list":["post-6484","post","type-post","status-publish","format-standard","has-post-thumbnail","hentry","category-eko"],"_links":{"self":[{"href":"https:\/\/radiogjilani.com\/index.php\/wp-json\/wp\/v2\/posts\/6484","targetHints":{"allow":["GET"]}}],"collection":[{"href":"https:\/\/radiogjilani.com\/index.php\/wp-json\/wp\/v2\/posts"}],"about":[{"href":"https:\/\/radiogjilani.com\/index.php\/wp-json\/wp\/v2\/types\/post"}],"author":[{"embeddable":true,"href":"https:\/\/radiogjilani.com\/index.php\/wp-json\/wp\/v2\/users\/1"}],"replies":[{"embeddable":true,"href":"https:\/\/radiogjilani.com\/index.php\/wp-json\/wp\/v2\/comments?post=6484"}],"version-history":[{"count":0,"href":"https:\/\/radiogjilani.com\/index.php\/wp-json\/wp\/v2\/posts\/6484\/revisions"}],"wp:featuredmedia":[{"embeddable":true,"href":"https:\/\/radiogjilani.com\/index.php\/wp-json\/wp\/v2\/media\/6485"}],"wp:attachment":[{"href":"https:\/\/radiogjilani.com\/index.php\/wp-json\/wp\/v2\/media?parent=6484"}],"wp:term":[{"taxonomy":"category","embeddable":true,"href":"https:\/\/radiogjilani.com\/index.php\/wp-json\/wp\/v2\/categories?post=6484"},{"taxonomy":"post_tag","embeddable":true,"href":"https:\/\/radiogjilani.com\/index.php\/wp-json\/wp\/v2\/tags?post=6484"}],"curies":[{"name":"wp","href":"https:\/\/api.w.org\/{rel}","templated":true}]}}