{"id":6532,"date":"2024-07-17T01:42:43","date_gmt":"2024-07-17T01:42:43","guid":{"rendered":"https:\/\/radiogjilani.com\/index.php\/2024\/07\/17\/rekord-aplikimesh-ne-up-per-studimin-e-programit-te-gjuhes-dhe-letersise-shqipe\/"},"modified":"2024-07-17T01:42:43","modified_gmt":"2024-07-17T01:42:43","slug":"rekord-aplikimesh-ne-up-per-studimin-e-programit-te-gjuhes-dhe-letersise-shqipe","status":"publish","type":"post","link":"https:\/\/radiogjilani.com\/index.php\/2024\/07\/17\/rekord-aplikimesh-ne-up-per-studimin-e-programit-te-gjuhes-dhe-letersise-shqipe\/","title":{"rendered":"Rekord aplikimesh n\u00eb UP p\u00ebr studimin e Programit t\u00eb Gjuh\u00ebs dhe Let\u00ebrsis\u00eb Shqipe"},"content":{"rendered":"<p>\u00cbsht\u00eb v\u00ebrejtur nj\u00eb interesim i madh i student\u00ebve q\u00eb kan\u00eb aplikuar n\u00eb Universitetin e Prishtin\u00ebs, p\u00ebr t\u00eb z\u00ebn\u00eb nj\u00eb vend n\u00eb studimin e Programit t\u00eb Gjuh\u00ebs dhe Let\u00ebrsis\u00eb Shqipe, p\u00ebr dallim nga viti i kaluar. Ministrja e Arsimit Arb\u00ebrie Nagavci, tha se k\u00ebt\u00eb e tregojn\u00eb t\u00eb dh\u00ebnat e UP-s\u00eb, nd\u00ebrsa shtoi se sot \u00ebsht\u00eb mbylluri afati p\u00ebr regjistrimin e student\u00ebve n\u00eb k\u00ebt\u00eb universitet. \u201cN\u00eb vitin e ri akademik&#8230;<\/p>\n<p><a href=\"https:\/\/ekonomiaonline.com\/rekord-aplikimesh-ne-up-per-studimin-e-programit-te-gjuhes-dhe-letersise-shqipe\/\" rel=\"nofollow\">Source<\/a><\/p>\n","protected":false},"excerpt":{"rendered":"<p>\u00cbsht\u00eb v\u00ebrejtur nj\u00eb interesim i madh i student\u00ebve q\u00eb kan\u00eb aplikuar n\u00eb Universitetin e Prishtin\u00ebs, p\u00ebr t\u00eb z\u00ebn\u00eb nj\u00eb vend n\u00eb studimin e Programit t\u00eb Gjuh\u00ebs dhe Let\u00ebrsis\u00eb Shqipe, p\u00ebr dallim nga viti i kaluar. Ministrja e Arsimit Arb\u00ebrie Nagavci, tha se k\u00ebt\u00eb e tregojn\u00eb t\u00eb dh\u00ebnat e UP-s\u00eb, nd\u00ebrsa shtoi se sot \u00ebsht\u00eb mbylluri [&hellip;]<\/p>\n","protected":false},"author":1,"featured_media":6533,"comment_status":"open","ping_status":"open","sticky":false,"template":"","format":"standard","meta":{"footnotes":""},"categories":[19],"tags":[],"class_list":["post-6532","post","type-post","status-publish","format-standard","has-post-thumbnail","hentry","category-eko"],"_links":{"self":[{"href":"https:\/\/radiogjilani.com\/index.php\/wp-json\/wp\/v2\/posts\/6532","targetHints":{"allow":["GET"]}}],"collection":[{"href":"https:\/\/radiogjilani.com\/index.php\/wp-json\/wp\/v2\/posts"}],"about":[{"href":"https:\/\/radiogjilani.com\/index.php\/wp-json\/wp\/v2\/types\/post"}],"author":[{"embeddable":true,"href":"https:\/\/radiogjilani.com\/index.php\/wp-json\/wp\/v2\/users\/1"}],"replies":[{"embeddable":true,"href":"https:\/\/radiogjilani.com\/index.php\/wp-json\/wp\/v2\/comments?post=6532"}],"version-history":[{"count":0,"href":"https:\/\/radiogjilani.com\/index.php\/wp-json\/wp\/v2\/posts\/6532\/revisions"}],"wp:featuredmedia":[{"embeddable":true,"href":"https:\/\/radiogjilani.com\/index.php\/wp-json\/wp\/v2\/media\/6533"}],"wp:attachment":[{"href":"https:\/\/radiogjilani.com\/index.php\/wp-json\/wp\/v2\/media?parent=6532"}],"wp:term":[{"taxonomy":"category","embeddable":true,"href":"https:\/\/radiogjilani.com\/index.php\/wp-json\/wp\/v2\/categories?post=6532"},{"taxonomy":"post_tag","embeddable":true,"href":"https:\/\/radiogjilani.com\/index.php\/wp-json\/wp\/v2\/tags?post=6532"}],"curies":[{"name":"wp","href":"https:\/\/api.w.org\/{rel}","templated":true}]}}