{"id":6558,"date":"2024-07-17T01:43:23","date_gmt":"2024-07-17T01:43:23","guid":{"rendered":"https:\/\/radiogjilani.com\/index.php\/2024\/07\/17\/senatori-menendez-shpallet-fajtor-per-korrupsion\/"},"modified":"2024-07-17T01:43:23","modified_gmt":"2024-07-17T01:43:23","slug":"senatori-menendez-shpallet-fajtor-per-korrupsion","status":"publish","type":"post","link":"https:\/\/radiogjilani.com\/index.php\/2024\/07\/17\/senatori-menendez-shpallet-fajtor-per-korrupsion\/","title":{"rendered":"Senatori Menendez shpallet fajtor p\u00ebr korrupsion"},"content":{"rendered":"<p>Senatori Robert Menendez, i cili i mbijetoi nj\u00eb padie t\u00eb m\u00ebparshme p\u00ebr korrupsion n\u00eb vitin 2017, u d\u00ebnua n\u00eb nj\u00eb \u00e7\u00ebshtje federale t\u00eb ryshfetit q\u00eb p\u00ebrfshin biznesmen\u00eb dhe qeveri t\u00eb huaja.<\/p>\n<p>Senatori i New Jersey, Bob Menendez, \u00ebsht\u00eb shpallur fajtor p\u00ebr 16 akuza t\u00eb lidhura me nj\u00eb skem\u00eb ku ai merrte ryshfet, duke p\u00ebrfshir\u00eb shufra ari dhe nj\u00eb Mercedes-Benz, n\u00eb k\u00ebmbim t\u00eb ndihm\u00ebs s\u00eb qeverive t\u00eb huaja.<\/p>\n<p>Menendez \u2013 dikur kreu i Komitetit t\u00eb fuqish\u00ebm t\u00eb Senatit p\u00ebr Marr\u00ebdh\u00ebniet me Jasht\u00eb \u2013 tani p\u00ebrballet me perspektiv\u00ebn e dekadave n\u00eb burg dhe p\u00ebrjashtimin e mundsh\u00ebm nga Partia Demokratike.<\/p>\n<p>Ai kishte pohuar se nuk ishte fajtor gjat\u00eb gjith\u00eb gjyqit tet\u00eb-javor, me avokat\u00ebt e tij q\u00eb argumentuan se dhuratat q\u00eb ai pranoi nuk kualifikoheshin si ryshfet, sepse prokuror\u00ebt nuk kishin arritur t\u00eb provonin se ai nd\u00ebrmori ndonj\u00eb veprim specifik si rezultat i marrjes s\u00eb tyre.<\/p>\n<div class=\"iframe-container\"><\/div>\n<p>Gruaja e Menendez, Nadine Arslanian Menendez, gjithashtu p\u00ebrballet me akuza n\u00eb rastin e ryshfetit, por gjyqi i saj u vonua n\u00eb m\u00ebnyr\u00eb q\u00eb ajo t\u2019i n\u00ebnshtrohej trajtimit t\u00eb kancerit t\u00eb gjirit. Ajo \u00ebsht\u00eb deklaruar e pafajshme.<\/p>\n<p>Avokat\u00ebt e tij u p\u00ebrpoq\u00ebn t\u2019ia kalonin fajin zonj\u00ebs Menendez, duke e portretizuar at\u00eb si nj\u00eb individ me probleme financiare, i cili shpresonte t\u00eb \u201cmerrte para dhe asete n\u00eb \u00e7do m\u00ebnyr\u00eb q\u00eb t\u00eb mundte\u201d.<\/p>\n<p>Nj\u00eb juri e d\u00ebnoi Menendezin p\u00ebr t\u00eb gjitha akuzat pas m\u00eb shum\u00eb se 12 or\u00ebsh diskutimi p\u00ebr tre dit\u00eb. Gjyqi zgjati n\u00ebnt\u00eb jav\u00eb.<\/p>\n<p>Dy biznesmen\u00eb, Wael Hana dhe Fred Daibes, po gjykohen gjithashtu, me akuzat se k\u00ebrkuan senatorin q\u00eb t\u00eb ndihmoj\u00eb ilegalisht qeverin\u00eb egjiptiane dhe p\u00ebr t\u00eb siguruar miliona dollar\u00eb nga nj\u00eb fond investimesh nga Katari.<\/p>\n<p>Nj\u00eb biznesmen i tret\u00eb, Jose Uribe, u deklarua fajtor dhe d\u00ebshmoi kund\u00ebr Menendez n\u00eb gjyq.<\/p>\n<p>Gjat\u00eb gjyqit, prokuror\u00ebt u mb\u00ebshtet\u00ebn n\u00eb d\u00ebshmit\u00eb e ekspert\u00ebve, emailet dhe mesazhet me tekst t\u00eb Menendez p\u00ebr t\u00eb treguar se senatori pranoi shp\u00ebrblime t\u00eb m\u00ebdha nga qeverit\u00eb e huaja.<\/p>\n<p>Ata than\u00eb se dhuratat p\u00ebrfshinin shufra ari me vler\u00eb mbi 100 mij\u00eb dollar\u00eb.<\/p>\n<p>Menendez aktualisht po kandidon si i pavarur, duke shpresuar t\u00eb mbaj\u00eb vendin e tij n\u00eb zgjedhjet e n\u00ebntorit, pasi shumica e demokrat\u00ebve n\u00eb shtet u larguan prej tij kur aktakuza q\u00eb tregon shufra ari t\u00eb fshehura n\u00eb sht\u00ebpin\u00eb e tij u l\u00ebshua n\u00eb fund t\u00eb vitit t\u00eb kaluar.<\/p>\n<p>Senatori \u00ebsht\u00eb p\u00ebrballur edhe m\u00eb par\u00eb me akuza federale p\u00ebr korrupsion. Ai u gjykua n\u00eb vitin 2017, me departamentin e drejt\u00ebsis\u00eb duke pretenduar se ai b\u00ebri favore politike p\u00ebr nj\u00eb mjek t\u00eb pasur okular n\u00eb Florida n\u00eb k\u00ebmbim t\u00eb pushimeve luksoze dhe dhuratave t\u00eb tjera luksoze.<\/p>\n<p>Por ai rast p\u00ebrfundoi me nj\u00eb gjyq pasi ai u lirua p\u00ebr disa akuza dhe jurist\u00ebt nuk arrit\u00ebn t\u00eb merrnin nj\u00eb vendim unanim.<\/p>\n<blockquote class=\"wp-embedded-content\" data-secret=\"dXK0pc2Zko\">\n<p><a href=\"https:\/\/albanianpost.com\/shufra-ari-dhe-mishi-hallall-brenda-hetimit-te-menendez\/\">Shufra ari dhe mishi hallall \u2013 brenda hetimit t\u00eb Menendez<\/a><\/p>\n<\/blockquote>\n<p>The post <a rel=\"nofollow\" href=\"https:\/\/albanianpost.com\/senatori-menendez-shpallet-fajtor-per-korrupsion\/\">Senatori Menendez shpallet fajtor p\u00ebr korrupsion<\/a> appeared first on <a rel=\"nofollow\" href=\"https:\/\/albanianpost.com\/\">Albanian Post<\/a>.<\/p>\n","protected":false},"excerpt":{"rendered":"<p>Senatori Robert Menendez, i cili i mbijetoi nj\u00eb padie t\u00eb m\u00ebparshme p\u00ebr korrupsion n\u00eb vitin 2017, u d\u00ebnua n\u00eb nj\u00eb \u00e7\u00ebshtje federale t\u00eb ryshfetit q\u00eb p\u00ebrfshin biznesmen\u00eb dhe qeveri t\u00eb huaja. Senatori i New Jersey, Bob Menendez, \u00ebsht\u00eb shpallur fajtor p\u00ebr 16 akuza t\u00eb lidhura me nj\u00eb skem\u00eb ku ai merrte ryshfet, duke p\u00ebrfshir\u00eb shufra [&hellip;]<\/p>\n","protected":false},"author":1,"featured_media":6559,"comment_status":"open","ping_status":"open","sticky":false,"template":"","format":"standard","meta":{"footnotes":""},"categories":[1],"tags":[],"class_list":["post-6558","post","type-post","status-publish","format-standard","has-post-thumbnail","hentry","category-uncategorized"],"_links":{"self":[{"href":"https:\/\/radiogjilani.com\/index.php\/wp-json\/wp\/v2\/posts\/6558","targetHints":{"allow":["GET"]}}],"collection":[{"href":"https:\/\/radiogjilani.com\/index.php\/wp-json\/wp\/v2\/posts"}],"about":[{"href":"https:\/\/radiogjilani.com\/index.php\/wp-json\/wp\/v2\/types\/post"}],"author":[{"embeddable":true,"href":"https:\/\/radiogjilani.com\/index.php\/wp-json\/wp\/v2\/users\/1"}],"replies":[{"embeddable":true,"href":"https:\/\/radiogjilani.com\/index.php\/wp-json\/wp\/v2\/comments?post=6558"}],"version-history":[{"count":0,"href":"https:\/\/radiogjilani.com\/index.php\/wp-json\/wp\/v2\/posts\/6558\/revisions"}],"wp:featuredmedia":[{"embeddable":true,"href":"https:\/\/radiogjilani.com\/index.php\/wp-json\/wp\/v2\/media\/6559"}],"wp:attachment":[{"href":"https:\/\/radiogjilani.com\/index.php\/wp-json\/wp\/v2\/media?parent=6558"}],"wp:term":[{"taxonomy":"category","embeddable":true,"href":"https:\/\/radiogjilani.com\/index.php\/wp-json\/wp\/v2\/categories?post=6558"},{"taxonomy":"post_tag","embeddable":true,"href":"https:\/\/radiogjilani.com\/index.php\/wp-json\/wp\/v2\/tags?post=6558"}],"curies":[{"name":"wp","href":"https:\/\/api.w.org\/{rel}","templated":true}]}}