{"id":6590,"date":"2024-07-18T02:19:44","date_gmt":"2024-07-18T02:19:44","guid":{"rendered":"https:\/\/radiogjilani.com\/index.php\/2024\/07\/18\/maqedonia-e-veriut-arreston-ish-pjesetarin-i-uck-se-kishte-fletarrest-nga-serbia\/"},"modified":"2024-07-18T02:19:44","modified_gmt":"2024-07-18T02:19:44","slug":"maqedonia-e-veriut-arreston-ish-pjesetarin-i-uck-se-kishte-fletarrest-nga-serbia","status":"publish","type":"post","link":"https:\/\/radiogjilani.com\/index.php\/2024\/07\/18\/maqedonia-e-veriut-arreston-ish-pjesetarin-i-uck-se-kishte-fletarrest-nga-serbia\/","title":{"rendered":"Maqedonia e Veriut arreston ish-pjes\u00ebtarin i U\u00c7K-s\u00eb, kishte fletarrest nga Serbia"},"content":{"rendered":"<p>Ministria e Pun\u00ebve t\u00eb Jashtme dhe Diaspor\u00ebs njofton se \u00ebsht\u00eb informuar p\u00ebr arrestimin e nj\u00eb shtetasi kosovar nga Policia e Maqedonis\u00eb s\u00eb Veriut bazuar n\u00eb nj\u00eb fletarrest t\u00eb l\u00ebshuar nga Serbia. MPJD njofton se b\u00ebhet fjal\u00eb p\u00ebr Blerim Ramadani, ish-an\u00ebtar i Zon\u00ebs Operative t\u00eb Nerodimes t\u00eb U\u00c7K-s\u00eb. \u201cAmbasadori yn\u00eb n\u00eb Maqedonin\u00eb e Veriut, z. Qehaja, \u00ebsht\u00eb angazhuar intensivisht p\u00ebr t\u00eb trajtuar k\u00ebt\u00eb rast&#8230;<\/p>\n<p><a href=\"https:\/\/ekonomiaonline.com\/maqedonia-e-veriut-arreston-ish-pjesetarin-i-uck-se-kishte-fletarrest-nga-serbia\/\" rel=\"nofollow\">Source<\/a><\/p>\n","protected":false},"excerpt":{"rendered":"<p>Ministria e Pun\u00ebve t\u00eb Jashtme dhe Diaspor\u00ebs njofton se \u00ebsht\u00eb informuar p\u00ebr arrestimin e nj\u00eb shtetasi kosovar nga Policia e Maqedonis\u00eb s\u00eb Veriut bazuar n\u00eb nj\u00eb fletarrest t\u00eb l\u00ebshuar nga Serbia. MPJD njofton se b\u00ebhet fjal\u00eb p\u00ebr Blerim Ramadani, ish-an\u00ebtar i Zon\u00ebs Operative t\u00eb Nerodimes t\u00eb U\u00c7K-s\u00eb. \u201cAmbasadori yn\u00eb n\u00eb Maqedonin\u00eb e Veriut, z. Qehaja, [&hellip;]<\/p>\n","protected":false},"author":1,"featured_media":6591,"comment_status":"open","ping_status":"open","sticky":false,"template":"","format":"standard","meta":{"footnotes":""},"categories":[19],"tags":[],"class_list":["post-6590","post","type-post","status-publish","format-standard","has-post-thumbnail","hentry","category-eko"],"_links":{"self":[{"href":"https:\/\/radiogjilani.com\/index.php\/wp-json\/wp\/v2\/posts\/6590","targetHints":{"allow":["GET"]}}],"collection":[{"href":"https:\/\/radiogjilani.com\/index.php\/wp-json\/wp\/v2\/posts"}],"about":[{"href":"https:\/\/radiogjilani.com\/index.php\/wp-json\/wp\/v2\/types\/post"}],"author":[{"embeddable":true,"href":"https:\/\/radiogjilani.com\/index.php\/wp-json\/wp\/v2\/users\/1"}],"replies":[{"embeddable":true,"href":"https:\/\/radiogjilani.com\/index.php\/wp-json\/wp\/v2\/comments?post=6590"}],"version-history":[{"count":0,"href":"https:\/\/radiogjilani.com\/index.php\/wp-json\/wp\/v2\/posts\/6590\/revisions"}],"wp:featuredmedia":[{"embeddable":true,"href":"https:\/\/radiogjilani.com\/index.php\/wp-json\/wp\/v2\/media\/6591"}],"wp:attachment":[{"href":"https:\/\/radiogjilani.com\/index.php\/wp-json\/wp\/v2\/media?parent=6590"}],"wp:term":[{"taxonomy":"category","embeddable":true,"href":"https:\/\/radiogjilani.com\/index.php\/wp-json\/wp\/v2\/categories?post=6590"},{"taxonomy":"post_tag","embeddable":true,"href":"https:\/\/radiogjilani.com\/index.php\/wp-json\/wp\/v2\/tags?post=6590"}],"curies":[{"name":"wp","href":"https:\/\/api.w.org\/{rel}","templated":true}]}}