{"id":6600,"date":"2024-07-18T02:19:39","date_gmt":"2024-07-18T02:19:39","guid":{"rendered":"https:\/\/radiogjilani.com\/index.php\/2024\/07\/18\/perkujtohet-deshmori-i-pare-i-rahovecit-abdullah-bugari-ne-26-vjetorin-e-renies-heroike\/"},"modified":"2024-07-18T02:19:39","modified_gmt":"2024-07-18T02:19:39","slug":"perkujtohet-deshmori-i-pare-i-rahovecit-abdullah-bugari-ne-26-vjetorin-e-renies-heroike","status":"publish","type":"post","link":"https:\/\/radiogjilani.com\/index.php\/2024\/07\/18\/perkujtohet-deshmori-i-pare-i-rahovecit-abdullah-bugari-ne-26-vjetorin-e-renies-heroike\/","title":{"rendered":"P\u00ebrkujtohet d\u00ebshmori i par\u00eb i Rahovecit, Abdullah Bugari n\u00eb 26 vjetorin e r\u00ebnies heroike"},"content":{"rendered":"<p>Sot jan\u00eb b\u00ebr\u00eb 26 vite nga Epopeja e Rahovecit. Kryetari i k\u00ebsaj komune, Smajl Latifi ka shkruar se t\u00eb Muri i Pik\u00ebllomit, nderuan d\u00ebshmor\u00ebt e Epopes\u00eb s\u00eb Rahovecit t\u00eb korrikut 1998: Avdullah Bugari, i r\u00ebn\u00eb m\u00eb 17 korrik, i cili \u00ebsht\u00eb d\u00ebshmori i par\u00eb, si dhe G\u00ebzim Hamza \u201cPiktori\u201d, i r\u00ebn\u00eb m\u00eb 19.7.1998. \u201cAvdullahu do t\u00eb kujtohet p\u00ebrgjithmon\u00eb si nj\u00eb veprimtar i organizuar n\u00eb l\u00ebvizjen ton\u00eb t\u00eb fsheht\u00eb p\u00ebr&#8230;<\/p>\n<p><a href=\"https:\/\/ekonomiaonline.com\/perkujtohet-deshmori-i-pare-i-rahovecit-abdullah-bugari-ne-26-vjetorin-e-renies-heroike\/\" rel=\"nofollow\">Source<\/a><\/p>\n","protected":false},"excerpt":{"rendered":"<p>Sot jan\u00eb b\u00ebr\u00eb 26 vite nga Epopeja e Rahovecit. Kryetari i k\u00ebsaj komune, Smajl Latifi ka shkruar se t\u00eb Muri i Pik\u00ebllomit, nderuan d\u00ebshmor\u00ebt e Epopes\u00eb s\u00eb Rahovecit t\u00eb korrikut 1998: Avdullah Bugari, i r\u00ebn\u00eb m\u00eb 17 korrik, i cili \u00ebsht\u00eb d\u00ebshmori i par\u00eb, si dhe G\u00ebzim Hamza \u201cPiktori\u201d, i r\u00ebn\u00eb m\u00eb 19.7.1998. \u201cAvdullahu do [&hellip;]<\/p>\n","protected":false},"author":1,"featured_media":6601,"comment_status":"open","ping_status":"open","sticky":false,"template":"","format":"standard","meta":{"footnotes":""},"categories":[19],"tags":[],"class_list":["post-6600","post","type-post","status-publish","format-standard","has-post-thumbnail","hentry","category-eko"],"_links":{"self":[{"href":"https:\/\/radiogjilani.com\/index.php\/wp-json\/wp\/v2\/posts\/6600","targetHints":{"allow":["GET"]}}],"collection":[{"href":"https:\/\/radiogjilani.com\/index.php\/wp-json\/wp\/v2\/posts"}],"about":[{"href":"https:\/\/radiogjilani.com\/index.php\/wp-json\/wp\/v2\/types\/post"}],"author":[{"embeddable":true,"href":"https:\/\/radiogjilani.com\/index.php\/wp-json\/wp\/v2\/users\/1"}],"replies":[{"embeddable":true,"href":"https:\/\/radiogjilani.com\/index.php\/wp-json\/wp\/v2\/comments?post=6600"}],"version-history":[{"count":0,"href":"https:\/\/radiogjilani.com\/index.php\/wp-json\/wp\/v2\/posts\/6600\/revisions"}],"wp:featuredmedia":[{"embeddable":true,"href":"https:\/\/radiogjilani.com\/index.php\/wp-json\/wp\/v2\/media\/6601"}],"wp:attachment":[{"href":"https:\/\/radiogjilani.com\/index.php\/wp-json\/wp\/v2\/media?parent=6600"}],"wp:term":[{"taxonomy":"category","embeddable":true,"href":"https:\/\/radiogjilani.com\/index.php\/wp-json\/wp\/v2\/categories?post=6600"},{"taxonomy":"post_tag","embeddable":true,"href":"https:\/\/radiogjilani.com\/index.php\/wp-json\/wp\/v2\/tags?post=6600"}],"curies":[{"name":"wp","href":"https:\/\/api.w.org\/{rel}","templated":true}]}}