{"id":6658,"date":"2024-07-19T02:26:16","date_gmt":"2024-07-19T02:26:16","guid":{"rendered":"https:\/\/radiogjilani.com\/index.php\/2024\/07\/19\/gervalla-takon-hovenier-in-theksova-nevojen-per-bashkepunim-me-intensiv-ne-nisma-rajonale-dhe-globale\/"},"modified":"2024-07-19T02:26:16","modified_gmt":"2024-07-19T02:26:16","slug":"gervalla-takon-hovenier-in-theksova-nevojen-per-bashkepunim-me-intensiv-ne-nisma-rajonale-dhe-globale","status":"publish","type":"post","link":"https:\/\/radiogjilani.com\/index.php\/2024\/07\/19\/gervalla-takon-hovenier-in-theksova-nevojen-per-bashkepunim-me-intensiv-ne-nisma-rajonale-dhe-globale\/","title":{"rendered":"G\u00ebrvalla takon Hovenier-in: Theksova nevoj\u00ebn p\u00ebr bashk\u00ebpunim m\u00eb intensiv n\u00eb nisma rajonale dhe globale"},"content":{"rendered":"<p>Ministrja e Pun\u00ebve t\u00eb Jashtme dhe Diaspor\u00ebs, Donika G\u00ebrvalla, \u00ebsht\u00eb takuar me ambasadorin e Shteteve t\u00eb Bashkuara t\u00eb Amerik\u00ebs n\u00eb Kosov\u00eb, Jeff Hovenier, ku ka theksuar nevoj\u00ebn p\u00ebr nj\u00eb bashk\u00ebpunim edhe m\u00eb intensiv n\u00eb nisma rajonale dhe globale.<\/p>\n<p>Lajmi \u00ebsht\u00eb i ditur nga G\u00ebrvalla, p\u00ebrmes nj\u00eb postimi n\u00eb platform\u00ebn sociale Facebook, t\u00eb enjten.<\/p>\n<p>\u201cDiskutuam p\u00ebr aktualitetin politik n\u00eb Kosov\u00eb dhe pritjet e qytetar\u00ebve t\u00eb Kosov\u00ebs p\u00ebr mb\u00ebshtetje t\u00eb fort\u00eb t\u00eb miqve, partner\u00ebve dhe aleat\u00ebve n\u00eb reformat e r\u00ebnd\u00ebsishme drejt forcimit t\u00eb shtetit ligjor dhe standardeve t\u00eb demokracis\u00eb, luftimit t\u00eb krimit dhe korrupsionit dhe reformave t\u00eb thella n\u00eb fusha t\u00eb r\u00ebnd\u00ebsishme si arsimi, sh\u00ebndet\u00ebsia dhe administrata publike\u201d, shkroi kryediplomatja.<\/p>\n<p>Ajo ka potencuar se takime t\u00eb tilla i sh\u00ebrbejn\u00eb jo vet\u00ebm forcimit t\u00eb partneritetit t\u00eb fort\u00eb dhe t\u00eb q\u00ebndruesh\u00ebm nd\u00ebrmjet Kosov\u00ebs dhe SHBA-ve, \u201cpor gjithashtu theksojn\u00eb r\u00ebnd\u00ebsin\u00eb e bashk\u00ebpunimit t\u00eb ngusht\u00eb n\u00eb arritjen e q\u00ebllimeve tona t\u00eb p\u00ebrbashk\u00ebta strategjike dhe diplomatike\u201d.<\/p>\n<div class=\"iframe-container\"><\/div>\n<\/p>\n<p>The post <a rel=\"nofollow\" href=\"https:\/\/albanianpost.com\/gervalla-takon-hovenier-in-theksova-nevojen-per-bashkepunim-me-intensiv-ne-nisma-rajonale-dhe-globale\/\">G\u00ebrvalla takon Hovenier-in: Theksova nevoj\u00ebn p\u00ebr bashk\u00ebpunim m\u00eb intensiv n\u00eb nisma rajonale dhe globale<\/a> appeared first on <a rel=\"nofollow\" href=\"https:\/\/albanianpost.com\/\">Albanian Post<\/a>.<\/p>\n","protected":false},"excerpt":{"rendered":"<p>Ministrja e Pun\u00ebve t\u00eb Jashtme dhe Diaspor\u00ebs, Donika G\u00ebrvalla, \u00ebsht\u00eb takuar me ambasadorin e Shteteve t\u00eb Bashkuara t\u00eb Amerik\u00ebs n\u00eb Kosov\u00eb, Jeff Hovenier, ku ka theksuar nevoj\u00ebn p\u00ebr nj\u00eb bashk\u00ebpunim edhe m\u00eb intensiv n\u00eb nisma rajonale dhe globale. Lajmi \u00ebsht\u00eb i ditur nga G\u00ebrvalla, p\u00ebrmes nj\u00eb postimi n\u00eb platform\u00ebn sociale Facebook, t\u00eb enjten. \u201cDiskutuam p\u00ebr [&hellip;]<\/p>\n","protected":false},"author":1,"featured_media":6659,"comment_status":"open","ping_status":"open","sticky":false,"template":"","format":"standard","meta":{"footnotes":""},"categories":[1],"tags":[],"class_list":["post-6658","post","type-post","status-publish","format-standard","has-post-thumbnail","hentry","category-uncategorized"],"_links":{"self":[{"href":"https:\/\/radiogjilani.com\/index.php\/wp-json\/wp\/v2\/posts\/6658","targetHints":{"allow":["GET"]}}],"collection":[{"href":"https:\/\/radiogjilani.com\/index.php\/wp-json\/wp\/v2\/posts"}],"about":[{"href":"https:\/\/radiogjilani.com\/index.php\/wp-json\/wp\/v2\/types\/post"}],"author":[{"embeddable":true,"href":"https:\/\/radiogjilani.com\/index.php\/wp-json\/wp\/v2\/users\/1"}],"replies":[{"embeddable":true,"href":"https:\/\/radiogjilani.com\/index.php\/wp-json\/wp\/v2\/comments?post=6658"}],"version-history":[{"count":0,"href":"https:\/\/radiogjilani.com\/index.php\/wp-json\/wp\/v2\/posts\/6658\/revisions"}],"wp:featuredmedia":[{"embeddable":true,"href":"https:\/\/radiogjilani.com\/index.php\/wp-json\/wp\/v2\/media\/6659"}],"wp:attachment":[{"href":"https:\/\/radiogjilani.com\/index.php\/wp-json\/wp\/v2\/media?parent=6658"}],"wp:term":[{"taxonomy":"category","embeddable":true,"href":"https:\/\/radiogjilani.com\/index.php\/wp-json\/wp\/v2\/categories?post=6658"},{"taxonomy":"post_tag","embeddable":true,"href":"https:\/\/radiogjilani.com\/index.php\/wp-json\/wp\/v2\/tags?post=6658"}],"curies":[{"name":"wp","href":"https:\/\/api.w.org\/{rel}","templated":true}]}}