{"id":6660,"date":"2024-07-19T02:26:15","date_gmt":"2024-07-19T02:26:15","guid":{"rendered":"https:\/\/radiogjilani.com\/index.php\/2024\/07\/19\/franca-sdeshiron-konfrontime-te-reja-ne-veri-mesazhi-qe-guerot-ia-ka-thene-kurtit-per-hapjen-e-ures-se-ibrit\/"},"modified":"2024-07-19T02:26:15","modified_gmt":"2024-07-19T02:26:15","slug":"franca-sdeshiron-konfrontime-te-reja-ne-veri-mesazhi-qe-guerot-ia-ka-thene-kurtit-per-hapjen-e-ures-se-ibrit","status":"publish","type":"post","link":"https:\/\/radiogjilani.com\/index.php\/2024\/07\/19\/franca-sdeshiron-konfrontime-te-reja-ne-veri-mesazhi-qe-guerot-ia-ka-thene-kurtit-per-hapjen-e-ures-se-ibrit\/","title":{"rendered":"\u201cFranca s\u2019d\u00ebshiron konfrontime t\u00eb reja n\u00eb Veri\u201d, mesazhi q\u00eb Guerot ia ka th\u00ebn\u00eb Kurtit p\u00ebr hapjen e Ur\u00ebs s\u00eb Ibrit"},"content":{"rendered":"<p>Ambasadori i Franc\u00ebs n\u00eb Kosov\u00eb, Olivier Guerot, ka th\u00ebn\u00eb se shteti q\u00eb ai p\u00ebrfaq\u00ebson nuk d\u00ebshiron konfrontime t\u00eb reja n\u00eb Veri \u2013 i banuar me shumic\u00eb serbe \u2013 n\u00eb lidhje me \u00e7\u00ebshtjen e hapjes s\u00eb Ur\u00ebs mbi lumin Ib\u00ebr \u2013 q\u00eb lidh Mitrovic\u00ebn e Jugut me at\u00eb t\u00eb Veriut.<\/p>\n<p>K\u00ebt\u00eb q\u00ebndrim, Guerot ka th\u00ebn\u00eb se ia paraqitur kryeministrit Albin Kurti, gjat\u00eb takimi q\u00eb ky i fundit pati t\u00eb m\u00ebrkur\u00ebn me ambasador\u00ebt e QUINT-it (Franc\u00ebs, Gjermanis\u00eb, SHBA, Italis\u00eb dhe Britanis\u00eb s\u00eb Madhe) dhe me at\u00eb t\u00eb BE-s\u00eb, ku u diskutua p\u00ebr k\u00ebt\u00eb \u00e7\u00ebshtje.<\/p>\n<p>\u201cMesazhi q\u00eb i kam dh\u00ebn\u00eb kryeministrin n\u00eb em\u00ebr t\u00eb vendit tim \u00ebsht\u00eb q\u00eb n\u00eb k\u00ebt\u00eb kryq\u00ebzim nuk na duhen konfrontime t\u00eb reja, pika t\u00eb reja ndez\u00ebse e aq m\u00eb pak nuk na duhet dhun\u00eb e re. P\u00ebr hir t\u00eb Kosov\u00ebs, p\u00ebr hir t\u00eb rajonit p\u00ebr hir t\u00eb kontinentit kur kemi luft\u00ebn q\u00eb po vazhdon n\u00eb Ukrain\u00eb me krejt potencialin p\u00ebr destabilizim q\u00eb kan\u00eb n\u00eb vete kjo\u201d, tha Guerot n\u00eb nj\u00eb intervist\u00eb p\u00ebr \u201cT\u00ebv\u00eb1\u201d.<\/p>\n<p>Ky, theksoi ai, \u201cishte mesazhi i Franc\u00ebs\u201d, dhe \u201cmendoj q\u00eb nuk isha i vet\u00ebm n\u00eb k\u00ebt\u00eb\u201d.<\/p>\n<div class=\"iframe-container\"><\/div>\n<p>P\u00ebr hapjen e ur\u00ebs, n\u00eb vler\u00ebsimin e tij, duhet q\u00eb t\u00eb ket\u00eb komunikim me qytetar\u00ebt n\u00ebse \u201cduan m\u00eb shum\u00eb vetura n\u00eb qytet, ku krahasuar edhe bulevardin \u2018N\u00ebn\u00eb Tereza\u2019 n\u00eb Prishtin\u00eb dhe rrug\u00ebt kryesore n\u00eb Pej\u00eb e Gjakov\u00eb n\u00eb t\u00eb cilat nuk l\u00ebvizet me vetura\u201d.<\/p>\n<p>\u201cA \u00ebsht\u00eb e nevojshme kur ka ura tjera t\u00eb hapura. Do t\u00eb doja t\u00eb shihja nj\u00eb ekspertiz\u00eb teknike n\u00ebse kjo \u00ebsht\u00eb e nevojshme\u201d, potencoi Guerot.<\/p>\n<p>T\u00eb m\u00ebrkur\u00ebn kryeministri Kurti u takua me ambasador\u00ebt e QUINT-it dhe at\u00eb t\u00eb BE-s\u00eb, ku foli p\u00ebr hapjen e Ur\u00ebs mbi lumin Ib\u00ebr.<\/p>\n<p>\u201cN\u00eb kuad\u00ebr t\u00eb informimit dhe koordinimit me partner\u00ebt tan\u00eb nd\u00ebrkomb\u00ebtar\u00eb, tem\u00eb trajtimi n\u00eb k\u00ebt\u00eb takim ishte gjithashtu r\u00ebnd\u00ebsia e bashk\u00ebrendimit t\u00eb veprimeve institucionale p\u00ebr hapjen e ur\u00ebs mbi lumin Ib\u00ebr edhe p\u00ebr vetura, n\u00eb m\u00ebnyr\u00eb q\u00eb t\u00eb mund\u00ebsohet liria e plot\u00eb e l\u00ebvizjes e cila i ndihmon qytetar\u00ebt n\u00eb t\u00eb dy an\u00ebt e ur\u00ebs, pa dallim, dhe n\u00eb t\u00eb nj\u00ebjt\u00ebn koh\u00eb i sh\u00ebrben zhvillimit t\u00eb ekonomis\u00eb dhe tregut p\u00ebrmes l\u00ebvizjes m\u00eb t\u00eb leht\u00eb t\u00eb mallrave dhe kapitalit\u201d, thuhet n\u00eb njoftim e zyr\u00ebs s\u00eb kryeministrit.<\/p>\n<p>Vendimi p\u00ebr hapjen e ur\u00ebs ishte marr\u00eb m\u00eb 28 prill t\u00eb vitit t\u00eb kaluar nga Kuvendi Komunal i Mitrovic\u00ebs s\u00eb Veriut, q\u00eb ishte propozuar nga asambleistja e L\u00ebvizjes Vet\u00ebvendosje, Aida Ferati-Doli, por ishte kund\u00ebrshtuar ashp\u00ebr nga Serbia, madje edhe nga presidenti i saj, Aleksand\u00ebr Vu\u00e7i\u00e7, derisa komuniteti nd\u00ebrkomb\u00ebtar kishte k\u00ebrkuar q\u00eb kjo tem\u00eb t\u00eb trajtohet n\u00eb dialog.<\/p>\n<p>Ura mbi lumin Ib\u00ebr ishte nd\u00ebrtuar p\u00ebr t\u00eb bashkuar qytetin e Mitrovic\u00ebs, por ajo shpejt u b\u00eb simbol i ndarjes n\u00eb baza etnike.<\/p>\n<p>Ka pasur shum\u00eb p\u00ebrpjekje p\u00ebr hapjen e saj, por nj\u00eb gj\u00eb e till\u00eb asnj\u00ebher\u00eb nuk ndodhi, madje atje q\u00ebndronin edhe trupat e KFOR-it, q\u00eb ishin garant p\u00ebr sigurin\u00eb n\u00eb at\u00eb pjes\u00eb problematike t\u00eb Kosov\u00ebs.<\/p>\n<p>The post <a rel=\"nofollow\" href=\"https:\/\/albanianpost.com\/franca-sdeshiron-konfrontime-te-reja-ne-veri-mesazhi-qe-guerot-ia-ka-thene-kurtit-per-hapjen-e-ures-se-ibrit\/\">\u201cFranca s\u2019d\u00ebshiron konfrontime t\u00eb reja n\u00eb Veri\u201d, mesazhi q\u00eb Guerot ia ka th\u00ebn\u00eb Kurtit p\u00ebr hapjen e Ur\u00ebs s\u00eb Ibrit<\/a> appeared first on <a rel=\"nofollow\" href=\"https:\/\/albanianpost.com\/\">Albanian Post<\/a>.<\/p>\n","protected":false},"excerpt":{"rendered":"<p>Ambasadori i Franc\u00ebs n\u00eb Kosov\u00eb, Olivier Guerot, ka th\u00ebn\u00eb se shteti q\u00eb ai p\u00ebrfaq\u00ebson nuk d\u00ebshiron konfrontime t\u00eb reja n\u00eb Veri \u2013 i banuar me shumic\u00eb serbe \u2013 n\u00eb lidhje me \u00e7\u00ebshtjen e hapjes s\u00eb Ur\u00ebs mbi lumin Ib\u00ebr \u2013 q\u00eb lidh Mitrovic\u00ebn e Jugut me at\u00eb t\u00eb Veriut. K\u00ebt\u00eb q\u00ebndrim, Guerot ka th\u00ebn\u00eb se [&hellip;]<\/p>\n","protected":false},"author":1,"featured_media":6661,"comment_status":"open","ping_status":"open","sticky":false,"template":"","format":"standard","meta":{"footnotes":""},"categories":[1],"tags":[],"class_list":["post-6660","post","type-post","status-publish","format-standard","has-post-thumbnail","hentry","category-uncategorized"],"_links":{"self":[{"href":"https:\/\/radiogjilani.com\/index.php\/wp-json\/wp\/v2\/posts\/6660","targetHints":{"allow":["GET"]}}],"collection":[{"href":"https:\/\/radiogjilani.com\/index.php\/wp-json\/wp\/v2\/posts"}],"about":[{"href":"https:\/\/radiogjilani.com\/index.php\/wp-json\/wp\/v2\/types\/post"}],"author":[{"embeddable":true,"href":"https:\/\/radiogjilani.com\/index.php\/wp-json\/wp\/v2\/users\/1"}],"replies":[{"embeddable":true,"href":"https:\/\/radiogjilani.com\/index.php\/wp-json\/wp\/v2\/comments?post=6660"}],"version-history":[{"count":0,"href":"https:\/\/radiogjilani.com\/index.php\/wp-json\/wp\/v2\/posts\/6660\/revisions"}],"wp:featuredmedia":[{"embeddable":true,"href":"https:\/\/radiogjilani.com\/index.php\/wp-json\/wp\/v2\/media\/6661"}],"wp:attachment":[{"href":"https:\/\/radiogjilani.com\/index.php\/wp-json\/wp\/v2\/media?parent=6660"}],"wp:term":[{"taxonomy":"category","embeddable":true,"href":"https:\/\/radiogjilani.com\/index.php\/wp-json\/wp\/v2\/categories?post=6660"},{"taxonomy":"post_tag","embeddable":true,"href":"https:\/\/radiogjilani.com\/index.php\/wp-json\/wp\/v2\/tags?post=6660"}],"curies":[{"name":"wp","href":"https:\/\/api.w.org\/{rel}","templated":true}]}}