{"id":6662,"date":"2024-07-19T02:26:14","date_gmt":"2024-07-19T02:26:14","guid":{"rendered":"https:\/\/radiogjilani.com\/index.php\/2024\/07\/19\/fituesi-i-super-bowl-it-prangoset-gabimisht-ne-fluturimin-e-united-airlines\/"},"modified":"2024-07-19T02:26:14","modified_gmt":"2024-07-19T02:26:14","slug":"fituesi-i-super-bowl-it-prangoset-gabimisht-ne-fluturimin-e-united-airlines","status":"publish","type":"post","link":"https:\/\/radiogjilani.com\/index.php\/2024\/07\/19\/fituesi-i-super-bowl-it-prangoset-gabimisht-ne-fluturimin-e-united-airlines\/","title":{"rendered":"Fituesi i Super Bowl-it \u2018prangoset gabimisht\u2019 n\u00eb fluturimin e United Airlines"},"content":{"rendered":"<p>United Airlines i ka k\u00ebrkuar falje legjend\u00ebs s\u00eb NFL Hall of Fame, Terrell Davis, pasi kampioni i dyfisht\u00eb i Super Bowl tha se ai ishte \u201cpranguar gabimisht\u201d n\u00eb nj\u00eb fluturim p\u00ebr n\u00eb Kaliforni.<\/p>\n<p>Davis tha se ai u hoq nga avioni i United Airlines t\u00eb shtun\u00ebn e kaluar pasi nj\u00eb stjuardes\u00eb akuzoi ish-yllin e Denver Broncos se e kishte goditur.<\/p>\n<p>51-vje\u00e7ari, i cili po fluturonte me familjen nga Denveri, ka folur p\u00ebr kalvarin e tij n\u00eb rrjetet sociale. Ai tha se pretendimi ishte i rrem\u00eb dhe e p\u00ebrshkroi ndjenj\u00ebn e \u201ctraumatizuar\u201d prej tij.<\/p>\n<p>United Airlines i tha BBC-s\u00eb se kishte hequr stjuardesin nga detyra, nd\u00ebrsa ajo heton \u00e7\u00ebshtjet dhe rishikon politikat e saj.<\/p>\n<div class=\"iframe-container\"><\/div>\n<p>Duke postuar n\u00eb Instagramin e tij, Davis l\u00ebshoi \u200b\u200b\u200b\u200bnj\u00eb deklarat\u00eb duke shpjeguar se gjat\u00eb sh\u00ebrbimit t\u00eb pijeve t\u00eb fluturimit djali i tij kishte k\u00ebrkuar nj\u00eb filxhan akull.<\/p>\n<p>N\u00eb nj\u00eb p\u00ebrpjekje p\u00ebr t\u2019i dh\u00ebn\u00eb djalit t\u00eb tij akullin, Davis tha se ai \u201cpreku leht\u00eb\u201d stjuardesin n\u00eb krah p\u00ebr t\u00eb t\u00ebrhequr v\u00ebmendjen e tij, vet\u00ebm p\u00ebr ta d\u00ebgjuar at\u00eb t\u00eb p\u00ebrgjigjet: \u201cMos m\u00eb godit!\u201d<\/p>\n<p>Stjuardesa m\u00eb pas la karroc\u00ebn dhe shkoi n\u00eb pjes\u00ebn e p\u00ebrparme t\u00eb avionit, sipas llogaris\u00eb n\u00eb Instagram.<\/p>\n<p>\u201cUn\u00eb isha i hutuar, si\u00e7 ishin pasagjer\u00ebt para meje q\u00eb d\u00ebshmuan shk\u00ebmbimin\u201d, shkroi Davis. \u201cMendova se asgj\u00eb tjet\u00ebr p\u00ebrve\u00e7 k\u00ebtij punonj\u00ebsi t\u00eb ve\u00e7ant\u00eb nuk ishte tep\u00ebr i pasjellsh\u00ebm dhe i gabuar n\u00eb akuzat e tij se un\u00eb e godita at\u00eb\u201d.<\/p>\n<p>Davis tha se kur avioni mb\u00ebrriti n\u00eb aeroportin John Wayne t\u00eb Orange County, atij dhe pasagjer\u00ebve t\u00eb tjer\u00eb iu tha t\u00eb q\u00ebndronin ulur. Agjent\u00ebt e FBI-s\u00eb dhe autoritetet lokale m\u00eb pas hip\u00ebn n\u00eb aeroplan, e vendos\u00ebn n\u00eb pranga p\u00ebrpara gruas dhe tre f\u00ebmij\u00ebve t\u00eb tij dhe m\u00eb pas e larguan nga fluturimi.<\/p>\n<p>Nj\u00eb z\u00ebdh\u00ebn\u00ebse e United Airlines tha p\u00ebr BBC se kompania i ka k\u00ebrkuar falje Davis dhe vazhdon t\u00eb diskutoj\u00eb incidentin me t\u00eb.<\/p>\n<p>The post <a rel=\"nofollow\" href=\"https:\/\/albanianpost.com\/fituesi-i-super-bowl-it-prangoset-gabimisht-ne-fluturimin-e-united-airlines\/\">Fituesi i Super Bowl-it \u2018prangoset gabimisht\u2019 n\u00eb fluturimin e United Airlines<\/a> appeared first on <a rel=\"nofollow\" href=\"https:\/\/albanianpost.com\/\">Albanian Post<\/a>.<\/p>\n","protected":false},"excerpt":{"rendered":"<p>United Airlines i ka k\u00ebrkuar falje legjend\u00ebs s\u00eb NFL Hall of Fame, Terrell Davis, pasi kampioni i dyfisht\u00eb i Super Bowl tha se ai ishte \u201cpranguar gabimisht\u201d n\u00eb nj\u00eb fluturim p\u00ebr n\u00eb Kaliforni. Davis tha se ai u hoq nga avioni i United Airlines t\u00eb shtun\u00ebn e kaluar pasi nj\u00eb stjuardes\u00eb akuzoi ish-yllin e Denver [&hellip;]<\/p>\n","protected":false},"author":1,"featured_media":6663,"comment_status":"open","ping_status":"open","sticky":false,"template":"","format":"standard","meta":{"footnotes":""},"categories":[1],"tags":[],"class_list":["post-6662","post","type-post","status-publish","format-standard","has-post-thumbnail","hentry","category-uncategorized"],"_links":{"self":[{"href":"https:\/\/radiogjilani.com\/index.php\/wp-json\/wp\/v2\/posts\/6662","targetHints":{"allow":["GET"]}}],"collection":[{"href":"https:\/\/radiogjilani.com\/index.php\/wp-json\/wp\/v2\/posts"}],"about":[{"href":"https:\/\/radiogjilani.com\/index.php\/wp-json\/wp\/v2\/types\/post"}],"author":[{"embeddable":true,"href":"https:\/\/radiogjilani.com\/index.php\/wp-json\/wp\/v2\/users\/1"}],"replies":[{"embeddable":true,"href":"https:\/\/radiogjilani.com\/index.php\/wp-json\/wp\/v2\/comments?post=6662"}],"version-history":[{"count":0,"href":"https:\/\/radiogjilani.com\/index.php\/wp-json\/wp\/v2\/posts\/6662\/revisions"}],"wp:featuredmedia":[{"embeddable":true,"href":"https:\/\/radiogjilani.com\/index.php\/wp-json\/wp\/v2\/media\/6663"}],"wp:attachment":[{"href":"https:\/\/radiogjilani.com\/index.php\/wp-json\/wp\/v2\/media?parent=6662"}],"wp:term":[{"taxonomy":"category","embeddable":true,"href":"https:\/\/radiogjilani.com\/index.php\/wp-json\/wp\/v2\/categories?post=6662"},{"taxonomy":"post_tag","embeddable":true,"href":"https:\/\/radiogjilani.com\/index.php\/wp-json\/wp\/v2\/tags?post=6662"}],"curies":[{"name":"wp","href":"https:\/\/api.w.org\/{rel}","templated":true}]}}