{"id":6690,"date":"2024-07-20T03:20:05","date_gmt":"2024-07-20T03:20:05","guid":{"rendered":"https:\/\/radiogjilani.com\/index.php\/2024\/07\/20\/u-gjet-si-foshnje-24-vjet-me-pare-ne-udhekryqin-orllat-llapushnik-lladrovci-kerkon-ndihme-per-gjetjen-e-prinderve-te-saj-biologjike\/"},"modified":"2024-07-20T03:20:05","modified_gmt":"2024-07-20T03:20:05","slug":"u-gjet-si-foshnje-24-vjet-me-pare-ne-udhekryqin-orllat-llapushnik-lladrovci-kerkon-ndihme-per-gjetjen-e-prinderve-te-saj-biologjike","status":"publish","type":"post","link":"https:\/\/radiogjilani.com\/index.php\/2024\/07\/20\/u-gjet-si-foshnje-24-vjet-me-pare-ne-udhekryqin-orllat-llapushnik-lladrovci-kerkon-ndihme-per-gjetjen-e-prinderve-te-saj-biologjike\/","title":{"rendered":"U gjet si foshnje 24 vjet m\u00eb par\u00eb n\u00eb udh\u00ebkryqin Orllat-Llapushnik, Lladrovci k\u00ebrkon ndihm\u00eb p\u00ebr gjetjen e prind\u00ebrve t\u00eb saj biologjik\u00eb"},"content":{"rendered":"<p>Kryetari i Drenasit, Ramiz Lladrovci, ka njoftuar p\u00ebr nj\u00eb rast, ku Vajza 24-vje\u00e7e po i k\u00ebrkon prind\u00ebrit e saj biologjik\u00eb. Ai tha se i ka premtuar Vajz\u00ebs q\u00eb do ta p\u00ebrkrah iniciativ\u00ebn e saj p\u00ebr t\u2019i gjetur prind\u00ebrit biologjik\u00eb teksa b\u00ebri thirrje p\u00ebr ndihm\u00eb nga kushdo q\u00eb ka informacion p\u00ebr k\u00ebt\u00eb rast. \u201cVajza, sot \u00ebsht\u00eb e arsimuar dhe edukuar, jeton e punon n\u00eb Gjermani, ka mir\u00ebnjohje t\u00eb thell\u00eb dhe&#8230;<\/p>\n<p><a href=\"https:\/\/ekonomiaonline.com\/u-gjet-si-foshnje-24-vjet-me-pare-ne-udhekryqin-orllat-llapushnik-lladrovci-kerkon-ndihme-per-gjetjen-e-prinderve-te-saj-biologjike\/\" rel=\"nofollow\">Source<\/a><\/p>\n","protected":false},"excerpt":{"rendered":"<p>Kryetari i Drenasit, Ramiz Lladrovci, ka njoftuar p\u00ebr nj\u00eb rast, ku Vajza 24-vje\u00e7e po i k\u00ebrkon prind\u00ebrit e saj biologjik\u00eb. Ai tha se i ka premtuar Vajz\u00ebs q\u00eb do ta p\u00ebrkrah iniciativ\u00ebn e saj p\u00ebr t\u2019i gjetur prind\u00ebrit biologjik\u00eb teksa b\u00ebri thirrje p\u00ebr ndihm\u00eb nga kushdo q\u00eb ka informacion p\u00ebr k\u00ebt\u00eb rast. \u201cVajza, sot \u00ebsht\u00eb [&hellip;]<\/p>\n","protected":false},"author":1,"featured_media":6691,"comment_status":"open","ping_status":"open","sticky":false,"template":"","format":"standard","meta":{"footnotes":""},"categories":[19],"tags":[],"class_list":["post-6690","post","type-post","status-publish","format-standard","has-post-thumbnail","hentry","category-eko"],"_links":{"self":[{"href":"https:\/\/radiogjilani.com\/index.php\/wp-json\/wp\/v2\/posts\/6690","targetHints":{"allow":["GET"]}}],"collection":[{"href":"https:\/\/radiogjilani.com\/index.php\/wp-json\/wp\/v2\/posts"}],"about":[{"href":"https:\/\/radiogjilani.com\/index.php\/wp-json\/wp\/v2\/types\/post"}],"author":[{"embeddable":true,"href":"https:\/\/radiogjilani.com\/index.php\/wp-json\/wp\/v2\/users\/1"}],"replies":[{"embeddable":true,"href":"https:\/\/radiogjilani.com\/index.php\/wp-json\/wp\/v2\/comments?post=6690"}],"version-history":[{"count":0,"href":"https:\/\/radiogjilani.com\/index.php\/wp-json\/wp\/v2\/posts\/6690\/revisions"}],"wp:featuredmedia":[{"embeddable":true,"href":"https:\/\/radiogjilani.com\/index.php\/wp-json\/wp\/v2\/media\/6691"}],"wp:attachment":[{"href":"https:\/\/radiogjilani.com\/index.php\/wp-json\/wp\/v2\/media?parent=6690"}],"wp:term":[{"taxonomy":"category","embeddable":true,"href":"https:\/\/radiogjilani.com\/index.php\/wp-json\/wp\/v2\/categories?post=6690"},{"taxonomy":"post_tag","embeddable":true,"href":"https:\/\/radiogjilani.com\/index.php\/wp-json\/wp\/v2\/tags?post=6690"}],"curies":[{"name":"wp","href":"https:\/\/api.w.org\/{rel}","templated":true}]}}